{"id":2179,"date":"2022-06-02T14:38:00","date_gmt":"2022-06-02T14:38:00","guid":{"rendered":"http:\/\/172.27.0.121\/?p=2179"},"modified":"2022-07-13T14:41:03","modified_gmt":"2022-07-13T14:41:03","slug":"tancol-son-la-punta-de-lanza-para-una-intervencion-militar-en-venezuela","status":"publish","type":"post","link":"https:\/\/prensapresidencialvenezuela.gob.ve\/index.php\/2022\/06\/02\/tancol-son-la-punta-de-lanza-para-una-intervencion-militar-en-venezuela\/","title":{"rendered":"TANCOL son la punta de lanza para una intervenci\u00f3n militar en Venezuela"},"content":{"rendered":"\n<p><strong>Fuerte Tiuna, Caracas.- <\/strong>A partir de \u00f3rdenes directas de la oligarqu\u00eda instalada en la Casa de Nari\u00f1o, auspiciada por Estados Unidos, los grupos Terroristas Armados Narcotraficantes de Colombia (TANCOL) act\u00faan como \u201cpunta de lanza\u201d en una maniobra de intervenci\u00f3n militar en Venezuela.<\/p>\n\n\n\n<p>La denuncia la realiz\u00f3 el presidente de la Rep\u00fablica, Nicol\u00e1s Maduro, asever\u00f3 que los TANCOL \u201cson grupos operativos del narcotr\u00e1fico colombiano, se financian con narcotr\u00e1fico\u201d, siendo su responsabilidad primaria fungir como \u201cavanzadas\u201d en el territorio nacional.<\/p>\n\n\n\n<p>Al referir las revelaciones presentes en el libro \u201cA secret Oath: Memoirs of a Secretary of Defense During Extraordinary Times, del exsecretario de Defensa de EE.UU., Mark Esper, detall\u00f3 una de las acciones para controlar el territorio y neutralizar a la poblaci\u00f3n son \u2013precisamente- los TANCOL.<\/p>\n\n\n\n<p>En este sentido, se\u00f1al\u00f3 que \u2013a trav\u00e9s de la Operaci\u00f3n \u201cEscudo Bolivariano 2022\u201d- se constat\u00f3 que el armamento utilizado por los grupos narcoterroristas procede \u201cdel mercado siniestro de los Estados Unidos de Norteam\u00e9rica para convertir a estos grupos en la punta de lanza del control territorial sobre Venezuela\u201d.<\/p>\n\n\n\n<p>El tambi\u00e9n Comandante en Jefe de la Fuerza Armada Nacional Bolivariana (FANB) puntualiz\u00f3 que Washington considera a la administraci\u00f3n de Iv\u00e1n Duque \u201csu aliado especial\u201d, mientras los gobiernos de Am\u00e9rica Central y Am\u00e9rica del Sur deben \u201cdar la batalla contra el narcotr\u00e1fico que viene de Colombia, sobre todo Venezuela que tiene 2.200 kil\u00f3metros o m\u00e1s de frontera\u201d.<\/p>\n\n\n\n<p>\u201cEn el Norte se la pasan d\u00e1ndole premios, medallas y reconocimientos a Iv\u00e1n Duque, a todos los narcotraficantes colombianos y los consideran sus aliados (\u2026) Tenemos una batalla intensa\u201d, reiter\u00f3.<\/p>\n\n\n\n<p><strong>Prensa Presidencial\/Karelis Gonz\u00e1lez<\/strong><\/p>\n","protected":false},"excerpt":{"rendered":"<p>Fuerte Tiuna, Caracas.- A partir de \u00f3rdenes directas de la oligarqu\u00eda instalada en la Casa de Nari\u00f1o, auspiciada por Estados Unidos, los grupos Terroristas Armados Narcotraficantes de Colombia (TANCOL) act\u00faan como \u201cpunta de lanza\u201d en una maniobra de intervenci\u00f3n militar en Venezuela. La denuncia la realiz\u00f3 el presidente de la Rep\u00fablica, Nicol\u00e1s Maduro, asever\u00f3 que [&hellip;]<\/p>\n","protected":false},"author":6,"featured_media":2180,"comment_status":"open","ping_status":"open","sticky":false,"template":"","format":"standard","meta":{"footnotes":""},"categories":[7],"tags":[],"class_list":["post-2179","post","type-post","status-publish","format-standard","has-post-thumbnail","hentry","category-notas-de-prensa"],"_links":{"self":[{"href":"https:\/\/prensapresidencialvenezuela.gob.ve\/index.php\/wp-json\/wp\/v2\/posts\/2179","targetHints":{"allow":["GET"]}}],"collection":[{"href":"https:\/\/prensapresidencialvenezuela.gob.ve\/index.php\/wp-json\/wp\/v2\/posts"}],"about":[{"href":"https:\/\/prensapresidencialvenezuela.gob.ve\/index.php\/wp-json\/wp\/v2\/types\/post"}],"author":[{"embeddable":true,"href":"https:\/\/prensapresidencialvenezuela.gob.ve\/index.php\/wp-json\/wp\/v2\/users\/6"}],"replies":[{"embeddable":true,"href":"https:\/\/prensapresidencialvenezuela.gob.ve\/index.php\/wp-json\/wp\/v2\/comments?post=2179"}],"version-history":[{"count":2,"href":"https:\/\/prensapresidencialvenezuela.gob.ve\/index.php\/wp-json\/wp\/v2\/posts\/2179\/revisions"}],"predecessor-version":[{"id":2182,"href":"https:\/\/prensapresidencialvenezuela.gob.ve\/index.php\/wp-json\/wp\/v2\/posts\/2179\/revisions\/2182"}],"wp:featuredmedia":[{"embeddable":true,"href":"https:\/\/prensapresidencialvenezuela.gob.ve\/index.php\/wp-json\/wp\/v2\/media\/2180"}],"wp:attachment":[{"href":"https:\/\/prensapresidencialvenezuela.gob.ve\/index.php\/wp-json\/wp\/v2\/media?parent=2179"}],"wp:term":[{"taxonomy":"category","embeddable":true,"href":"https:\/\/prensapresidencialvenezuela.gob.ve\/index.php\/wp-json\/wp\/v2\/categories?post=2179"},{"taxonomy":"post_tag","embeddable":true,"href":"https:\/\/prensapresidencialvenezuela.gob.ve\/index.php\/wp-json\/wp\/v2\/tags?post=2179"}],"curies":[{"name":"wp","href":"https:\/\/api.w.org\/{rel}","templated":true}]}}