{"id":21795,"date":"2025-07-23T19:41:07","date_gmt":"2025-07-23T23:41:07","guid":{"rendered":"https:\/\/prensapresidencialvenezuela.gob.ve\/?p=21795"},"modified":"2025-07-23T20:33:37","modified_gmt":"2025-07-24T00:33:37","slug":"aragua-estrena-unidad-educativa-nacional-la-casona-ii-en-aragua-construida-mediante-la-consulta-nacional","status":"publish","type":"post","link":"https:\/\/prensapresidencialvenezuela.gob.ve\/index.php\/2025\/07\/23\/aragua-estrena-unidad-educativa-nacional-la-casona-ii-en-aragua-construida-mediante-la-consulta-nacional\/","title":{"rendered":"Aragua estrena Unidad Educativa Nacional La Casona II en Aragua, construida mediante la Consulta Nacional"},"content":{"rendered":"\n<p><strong>Santiago Mari\u00f1o, Aragua.-<\/strong> La comunidad de Sam\u00e1n de G\u00fcere, en el municipio Santiago Mari\u00f1o del estado Aragua, celebr\u00f3 este mi\u00e9rcoles la inauguraci\u00f3n de la <strong>Unidad Educativa Nacional La Casona II<\/strong>, un proyecto que surgi\u00f3 desde el Pueblo y que se consolid\u00f3 gracias a los financiamientos otorgados por medio de la <strong>Consulta Popular Nacional<\/strong>.<\/p>\n\n\n\n<p>La actividad fue encabezada por la vicepresidenta ejecutiva, <strong>Delcy Rodr\u00edguez<\/strong>, junto a la gobernadora de la entidad, <strong>Joana S\u00e1nchez<\/strong>, quienes destacaron la gran voluntad popular que existe para hacer uso eficiente de los recursos y lograr hechos extraordinarios que transforman la vida de los vecinos.<\/p>\n\n\n\n<p>La Mandataria Regional detall\u00f3 que en la entidad hay <strong>191 circuitos comunales<\/strong> que han promovido cambios importantes a trav\u00e9s de la Consulta Popular, que \u201cha hecho posible el sue\u00f1o del pueblo y se ha convertido en un acto extraordinario\u201d.<\/p>\n\n\n\n<figure class=\"wp-block-image size-large\"><img fetchpriority=\"high\" decoding=\"async\" width=\"1024\" height=\"683\" src=\"https:\/\/prensapresidencialvenezuela.gob.ve\/wp-content\/uploads\/2025\/07\/4904782404003147187-1-1024x683.jpg\" alt=\"\" class=\"wp-image-21804\" srcset=\"https:\/\/prensapresidencialvenezuela.gob.ve\/wp-content\/uploads\/2025\/07\/4904782404003147187-1-1024x683.jpg 1024w, https:\/\/prensapresidencialvenezuela.gob.ve\/wp-content\/uploads\/2025\/07\/4904782404003147187-1-300x200.jpg 300w, https:\/\/prensapresidencialvenezuela.gob.ve\/wp-content\/uploads\/2025\/07\/4904782404003147187-1-768x512.jpg 768w, https:\/\/prensapresidencialvenezuela.gob.ve\/wp-content\/uploads\/2025\/07\/4904782404003147187-1.jpg 1280w\" sizes=\"(max-width: 1024px) 100vw, 1024px\" \/><\/figure>\n\n\n\n<blockquote class=\"wp-block-quote is-layout-flow wp-block-quote-is-layout-flow\">\n<p>\u201cLa econom\u00eda local fluye con el financiamiento de los proyectos y el pueblo sigue ejecutando los proyectos para el vivir bien\u201d, dijo, tras celebrar y agradecer al Ejecutivo Nacional por el apoyo a este tipo de iniciativas.&nbsp;<\/p>\n<\/blockquote>\n\n\n\n<p>La nueva instituci\u00f3n, se erige como un s\u00edmbolo de progreso y esperanza para las futuras generaciones, y un ejemplo de democracia participativa y protag\u00f3nica del <strong>Socialismo del Siglo XXI.<\/strong><\/p>\n\n\n\n<figure class=\"wp-block-image size-large\"><img decoding=\"async\" width=\"1024\" height=\"683\" src=\"https:\/\/prensapresidencialvenezuela.gob.ve\/wp-content\/uploads\/2025\/07\/4904602496413053028-1024x683.jpg\" alt=\"\" class=\"wp-image-21820\" srcset=\"https:\/\/prensapresidencialvenezuela.gob.ve\/wp-content\/uploads\/2025\/07\/4904602496413053028-1024x683.jpg 1024w, https:\/\/prensapresidencialvenezuela.gob.ve\/wp-content\/uploads\/2025\/07\/4904602496413053028-300x200.jpg 300w, https:\/\/prensapresidencialvenezuela.gob.ve\/wp-content\/uploads\/2025\/07\/4904602496413053028-768x512.jpg 768w, https:\/\/prensapresidencialvenezuela.gob.ve\/wp-content\/uploads\/2025\/07\/4904602496413053028.jpg 1280w\" sizes=\"(max-width: 1024px) 100vw, 1024px\" \/><\/figure>\n\n\n\n<p>La construcci\u00f3n de este centro educativo es de la <strong>Consulta Popular Nacional n\u00famero 1, 2 y 3<\/strong>, que contemplaron su levantamiento inicial y su posterior continuidad. El proyecto, impulsado por el Consejo Comunal y las Comunas locales, demuestra la fuerza de la organizaci\u00f3n comunitaria en la consecuci\u00f3n de planes de impacto social.<\/p>\n\n\n\n<p>La nueva escuela no solo brinda un espacio digno y adecuado para el aprendizaje, sino que tambi\u00e9n representa un impulso significativo para la calidad educativa en la regi\u00f3n.<\/p>\n\n\n\n<h2 class=\"wp-block-heading\">Actualmente, la matr\u00edcula general es conformada por 30 ni\u00f1os del maternal, 93 en prescolar y 293 de primaria. En tanto que, la plantilla profesional asciende a 55 personas.<\/h2>\n\n\n\n<p>Como parte del desarrollo integral de la comunidad, tambi\u00e9n se concret\u00f3 la construcci\u00f3n de un pozo de agua para abastecer a tres comunidades, un logro que complementa la visi\u00f3n de bienestar y progreso para los 3 652 hogares de la zona.<\/p>\n\n\n\n<p>La Unidad Educativa Nacional La Casona II, es una realidad gracias a la visi\u00f3n de futuro y el esfuerzo colectivo, que hoy se transforma en un espacio de crecimiento y formaci\u00f3n para los ni\u00f1os y j\u00f3venes de Santiago Mari\u00f1o.<\/p>\n\n\n\n<p><strong>Prensa Presidencial \/ Iliana Rosales<\/strong><\/p>\n","protected":false},"excerpt":{"rendered":"<p>Santiago Mari\u00f1o, Aragua.- La comunidad de Sam\u00e1n de G\u00fcere, en el municipio Santiago Mari\u00f1o del estado Aragua, celebr\u00f3 este mi\u00e9rcoles la inauguraci\u00f3n de la Unidad Educativa Nacional La Casona II, un proyecto que surgi\u00f3 desde el Pueblo y que se consolid\u00f3 gracias a los financiamientos otorgados por medio de la Consulta Popular Nacional. La actividad [&hellip;]<\/p>\n","protected":false},"author":1,"featured_media":21796,"comment_status":"open","ping_status":"open","sticky":false,"template":"","format":"standard","meta":{"footnotes":""},"categories":[18,7],"tags":[1737],"class_list":["post-21795","post","type-post","status-publish","format-standard","has-post-thumbnail","hentry","category-noticias-principales","category-notas-de-prensa","tag-delcy-rodrgiguez"],"_links":{"self":[{"href":"https:\/\/prensapresidencialvenezuela.gob.ve\/index.php\/wp-json\/wp\/v2\/posts\/21795","targetHints":{"allow":["GET"]}}],"collection":[{"href":"https:\/\/prensapresidencialvenezuela.gob.ve\/index.php\/wp-json\/wp\/v2\/posts"}],"about":[{"href":"https:\/\/prensapresidencialvenezuela.gob.ve\/index.php\/wp-json\/wp\/v2\/types\/post"}],"author":[{"embeddable":true,"href":"https:\/\/prensapresidencialvenezuela.gob.ve\/index.php\/wp-json\/wp\/v2\/users\/1"}],"replies":[{"embeddable":true,"href":"https:\/\/prensapresidencialvenezuela.gob.ve\/index.php\/wp-json\/wp\/v2\/comments?post=21795"}],"version-history":[{"count":4,"href":"https:\/\/prensapresidencialvenezuela.gob.ve\/index.php\/wp-json\/wp\/v2\/posts\/21795\/revisions"}],"predecessor-version":[{"id":21821,"href":"https:\/\/prensapresidencialvenezuela.gob.ve\/index.php\/wp-json\/wp\/v2\/posts\/21795\/revisions\/21821"}],"wp:featuredmedia":[{"embeddable":true,"href":"https:\/\/prensapresidencialvenezuela.gob.ve\/index.php\/wp-json\/wp\/v2\/media\/21796"}],"wp:attachment":[{"href":"https:\/\/prensapresidencialvenezuela.gob.ve\/index.php\/wp-json\/wp\/v2\/media?parent=21795"}],"wp:term":[{"taxonomy":"category","embeddable":true,"href":"https:\/\/prensapresidencialvenezuela.gob.ve\/index.php\/wp-json\/wp\/v2\/categories?post=21795"},{"taxonomy":"post_tag","embeddable":true,"href":"https:\/\/prensapresidencialvenezuela.gob.ve\/index.php\/wp-json\/wp\/v2\/tags?post=21795"}],"curies":[{"name":"wp","href":"https:\/\/api.w.org\/{rel}","templated":true}]}}