{"id":21806,"date":"2025-07-23T19:50:09","date_gmt":"2025-07-23T23:50:09","guid":{"rendered":"https:\/\/prensapresidencialvenezuela.gob.ve\/?p=21806"},"modified":"2025-07-23T20:09:18","modified_gmt":"2025-07-24T00:09:18","slug":"poder-popular-de-carabobo-estreno-consultorio-de-salud-en-comuna-socialista-general-bartolome-salom","status":"publish","type":"post","link":"https:\/\/prensapresidencialvenezuela.gob.ve\/index.php\/2025\/07\/23\/poder-popular-de-carabobo-estreno-consultorio-de-salud-en-comuna-socialista-general-bartolome-salom\/","title":{"rendered":"Poder Popular de Carabobo estren\u00f3 consultorio de salud en Comuna Socialista General Bartolom\u00e9 Salom"},"content":{"rendered":"\n<p><strong>Puerto Cabello, Carabobo.<\/strong>&#8211; Durante la transmisi\u00f3n presidencial desde el estado Carabobo, en la que el presidente Nicol\u00e1s Maduro Moros realiza una jornada de balance de la Ruta de Consolidaci\u00f3n del Sistema de Gobierno Comunal y Popular en la entidad, el gobernador del estado Carabobo, <strong>Rafael Lacava,<\/strong> recibi\u00f3 al Mandatario nacional en el <strong>Consultorio de la Comuna Socialista General Bartolom\u00e9 Salom<\/strong>, para dar a conocer los proyectos materializados.<\/p>\n\n\n\n<blockquote class=\"wp-block-quote is-layout-flow wp-block-quote-is-layout-flow\">\n<p>En el saludo de bienvenida, Lavaca dijo: \u00abHoy nos toca ver c\u00f3mo el Poder Popular ha forjado su recorrido y est\u00e1 resolviendo los problemas m\u00e1s sentidos de la comunidad. Proyectos que fueron planteados directamente por la comunidad. Hoy tenemos este ambulatorio, Presidente, que fue escogido en las consultas de los proyectos, proyectos que fueron planteados directamente por la comunidad, que fueron elegidos por la comunidad como prioridad\u00bb.<\/p>\n<\/blockquote>\n\n\n\n<figure class=\"wp-block-image size-large\"><img fetchpriority=\"high\" decoding=\"async\" width=\"1024\" height=\"1000\" src=\"https:\/\/prensapresidencialvenezuela.gob.ve\/wp-content\/uploads\/2025\/07\/29_ZC__4816_P-1024x1000.jpg\" alt=\"\" class=\"wp-image-21809\" srcset=\"https:\/\/prensapresidencialvenezuela.gob.ve\/wp-content\/uploads\/2025\/07\/29_ZC__4816_P-1024x1000.jpg 1024w, https:\/\/prensapresidencialvenezuela.gob.ve\/wp-content\/uploads\/2025\/07\/29_ZC__4816_P-300x293.jpg 300w, https:\/\/prensapresidencialvenezuela.gob.ve\/wp-content\/uploads\/2025\/07\/29_ZC__4816_P-768x750.jpg 768w, https:\/\/prensapresidencialvenezuela.gob.ve\/wp-content\/uploads\/2025\/07\/29_ZC__4816_P-1536x1499.jpg 1536w\" sizes=\"(max-width: 1024px) 100vw, 1024px\" \/><\/figure>\n\n\n\n<p>El Jefe de Estado, Nicol\u00e1s Maduro Moros, se comprometi\u00f3 a aprobar un <strong>nuevo proyecto en esta comunidad.<\/strong> \u00abVenezuela va a la vanguardia de la construcci\u00f3n de la nueva democracia (\u2026) Venezuela est\u00e1 en vanguardia victoriosa\u00bb, puntualiz\u00f3 tras la intervenci\u00f3n de las voceras de la comunidad.<\/p>\n\n\n\n<p>La autoridad regional agreg\u00f3 que l<strong>a comunidad Bartolom\u00e9 Salom<\/strong> tiene una connotaci\u00f3n especial, que lleva en su coraz\u00f3n desde que tuvo su experiencia como alcalde.<\/p>\n\n\n\n<figure class=\"wp-block-image size-large\"><img decoding=\"async\" width=\"1024\" height=\"683\" src=\"https:\/\/prensapresidencialvenezuela.gob.ve\/wp-content\/uploads\/2025\/07\/10_ZC__4358_P-1024x683.jpg\" alt=\"\" class=\"wp-image-21811\" srcset=\"https:\/\/prensapresidencialvenezuela.gob.ve\/wp-content\/uploads\/2025\/07\/10_ZC__4358_P-1024x683.jpg 1024w, https:\/\/prensapresidencialvenezuela.gob.ve\/wp-content\/uploads\/2025\/07\/10_ZC__4358_P-300x200.jpg 300w, https:\/\/prensapresidencialvenezuela.gob.ve\/wp-content\/uploads\/2025\/07\/10_ZC__4358_P-768x512.jpg 768w, https:\/\/prensapresidencialvenezuela.gob.ve\/wp-content\/uploads\/2025\/07\/10_ZC__4358_P-1536x1024.jpg 1536w, https:\/\/prensapresidencialvenezuela.gob.ve\/wp-content\/uploads\/2025\/07\/10_ZC__4358_P-2048x1366.jpg 2048w\" sizes=\"(max-width: 1024px) 100vw, 1024px\" \/><\/figure>\n\n\n\n<p><strong>Prensa Presidencial\/ Claudia Guerra M\u00e9ndez<\/strong><\/p>\n\n\n\n<p><\/p>\n","protected":false},"excerpt":{"rendered":"<p>Puerto Cabello, Carabobo.&#8211; Durante la transmisi\u00f3n presidencial desde el estado Carabobo, en la que el presidente Nicol\u00e1s Maduro Moros realiza una jornada de balance de la Ruta de Consolidaci\u00f3n del Sistema de Gobierno Comunal y Popular en la entidad, el gobernador del estado Carabobo, Rafael Lacava, recibi\u00f3 al Mandatario nacional en el Consultorio de la [&hellip;]<\/p>\n","protected":false},"author":1,"featured_media":21807,"comment_status":"open","ping_status":"open","sticky":false,"template":"","format":"standard","meta":{"footnotes":""},"categories":[18,7],"tags":[584,1739,1738,1740],"class_list":["post-21806","post","type-post","status-publish","format-standard","has-post-thumbnail","hentry","category-noticias-principales","category-notas-de-prensa","tag-carabobo","tag-lacava","tag-puerto-cabello","tag-rafael-lacava"],"_links":{"self":[{"href":"https:\/\/prensapresidencialvenezuela.gob.ve\/index.php\/wp-json\/wp\/v2\/posts\/21806","targetHints":{"allow":["GET"]}}],"collection":[{"href":"https:\/\/prensapresidencialvenezuela.gob.ve\/index.php\/wp-json\/wp\/v2\/posts"}],"about":[{"href":"https:\/\/prensapresidencialvenezuela.gob.ve\/index.php\/wp-json\/wp\/v2\/types\/post"}],"author":[{"embeddable":true,"href":"https:\/\/prensapresidencialvenezuela.gob.ve\/index.php\/wp-json\/wp\/v2\/users\/1"}],"replies":[{"embeddable":true,"href":"https:\/\/prensapresidencialvenezuela.gob.ve\/index.php\/wp-json\/wp\/v2\/comments?post=21806"}],"version-history":[{"count":4,"href":"https:\/\/prensapresidencialvenezuela.gob.ve\/index.php\/wp-json\/wp\/v2\/posts\/21806\/revisions"}],"predecessor-version":[{"id":21813,"href":"https:\/\/prensapresidencialvenezuela.gob.ve\/index.php\/wp-json\/wp\/v2\/posts\/21806\/revisions\/21813"}],"wp:featuredmedia":[{"embeddable":true,"href":"https:\/\/prensapresidencialvenezuela.gob.ve\/index.php\/wp-json\/wp\/v2\/media\/21807"}],"wp:attachment":[{"href":"https:\/\/prensapresidencialvenezuela.gob.ve\/index.php\/wp-json\/wp\/v2\/media?parent=21806"}],"wp:term":[{"taxonomy":"category","embeddable":true,"href":"https:\/\/prensapresidencialvenezuela.gob.ve\/index.php\/wp-json\/wp\/v2\/categories?post=21806"},{"taxonomy":"post_tag","embeddable":true,"href":"https:\/\/prensapresidencialvenezuela.gob.ve\/index.php\/wp-json\/wp\/v2\/tags?post=21806"}],"curies":[{"name":"wp","href":"https:\/\/api.w.org\/{rel}","templated":true}]}}