{"id":21814,"date":"2025-07-23T20:30:40","date_gmt":"2025-07-24T00:30:40","guid":{"rendered":"https:\/\/prensapresidencialvenezuela.gob.ve\/?p=21814"},"modified":"2025-07-23T20:30:40","modified_gmt":"2025-07-24T00:30:40","slug":"delcy-rodriguez-comunas-de-venezuela-impulsan-proyectos-sociales-con-gestion-eficiente-de-recursos","status":"publish","type":"post","link":"https:\/\/prensapresidencialvenezuela.gob.ve\/index.php\/2025\/07\/23\/delcy-rodriguez-comunas-de-venezuela-impulsan-proyectos-sociales-con-gestion-eficiente-de-recursos\/","title":{"rendered":"Delcy Rodr\u00edguez: \u00abComunas de Venezuela impulsan proyectos sociales con gesti\u00f3n eficiente de recursos\u00bb"},"content":{"rendered":"\n<p><strong>Santiago Mari\u00f1o, Aragua.-<\/strong> En v\u00edsperas de una nueva jornada de Consulta Popular Nacional, las comunidades venezolanas demuestran <strong>la efectividad de la gesti\u00f3n de recursos <\/strong>en la ejecuci\u00f3n de proyectos sociales. As\u00ed lo inform\u00f3 la vicepresidenta ejecutiva, Delcy Rodr\u00edguez, durante la inauguraci\u00f3n de un centro educativo construido por el Poder Popular en el estado Aragua.<\/p>\n\n\n\n<p>Rodr\u00edguez destac\u00f3 el impacto directo de la administraci\u00f3n eficiente en el desarrollo de infraestructuras educativas y el empoderamiento juvenil, durante un pase televisivo con el presidente Nicol\u00e1s Maduro Moros.<\/p>\n\n\n\n<blockquote class=\"wp-block-quote is-layout-flow wp-block-quote-is-layout-flow\">\n<p>Desde la Unidad Educativa La Casona II, ubicado en la comunidad de Sam\u00e1n de G\u00fcere, en el municipio Santiago Mari\u00f1o del estado Aragua, un proyecto que inicialmente contemplaba la construcci\u00f3n de tres salones de clases, precis\u00f3: \u00abSon los recursos del pa\u00eds en manos de nuestro pueblo y la eficiencia que puedan demostrar en la ejecuci\u00f3n de los proyectos. La Unidad Educativa de La Casona II ten\u00eda proyectado realizar tres salones de clases y gracias al manejo eficiente de los recursos podemos contar con cuatro salones de clases. Esta unidad educativa va a brindar amplios espacios y comodidades\u00bb.<\/p>\n<\/blockquote>\n\n\n\n<p>A pocos d\u00edas de la votaci\u00f3n de los proyectos comunales, la atenci\u00f3n se centra en iniciativas de impacto social y productivo.<\/p>\n\n\n\n<h3 class=\"wp-block-heading\"><strong>La movilizaci\u00f3n ciudadana es palpable<\/strong><\/h3>\n\n\n\n<p>En la Comuna Sam\u00e1n de G\u00fcere, la vocera de la juventud ha liderado un despliegue casa por casa, convocando a los vecinos a participar en la elecci\u00f3n de proyectos juveniles, previamente discutidos en asamblea.<\/p>\n\n\n\n<p>Este circuito comunal, que alberga a 10 mil habitantes, de los cuales 4 mil son j\u00f3venes, anticipa una amplia participaci\u00f3n juvenil en las pr\u00f3ximas votaciones. L<strong>a iniciativa subraya el compromiso del gobierno con la inclusi\u00f3n y el desarrollo comunitario.<\/strong><\/p>\n\n\n\n<p>Finalmente, Rodr\u00edguez anunci\u00f3 que existen planes para expandir la escuela, gracias a que el presidente de la Rep\u00fablica Bolivariana de Venezuela, Nicol\u00e1s Maduro, lo aprob\u00f3 como \u00abpremio y regalo\u00bb para la comunidad, lo que sugiere un futuro prometedor para la infraestructura educativa en la regi\u00f3n.<\/p>\n\n\n\n<p><strong>Prensa Presidencial \/ Iliana Rosales<\/strong><\/p>\n\n\n\n<p><\/p>\n","protected":false},"excerpt":{"rendered":"<p>Santiago Mari\u00f1o, Aragua.- En v\u00edsperas de una nueva jornada de Consulta Popular Nacional, las comunidades venezolanas demuestran la efectividad de la gesti\u00f3n de recursos en la ejecuci\u00f3n de proyectos sociales. As\u00ed lo inform\u00f3 la vicepresidenta ejecutiva, Delcy Rodr\u00edguez, durante la inauguraci\u00f3n de un centro educativo construido por el Poder Popular en el estado Aragua. Rodr\u00edguez [&hellip;]<\/p>\n","protected":false},"author":1,"featured_media":21815,"comment_status":"open","ping_status":"open","sticky":false,"template":"","format":"standard","meta":{"footnotes":""},"categories":[18,7],"tags":[122,20],"class_list":["post-21814","post","type-post","status-publish","format-standard","has-post-thumbnail","hentry","category-noticias-principales","category-notas-de-prensa","tag-delcy-rodriguez","tag-venezuela"],"_links":{"self":[{"href":"https:\/\/prensapresidencialvenezuela.gob.ve\/index.php\/wp-json\/wp\/v2\/posts\/21814","targetHints":{"allow":["GET"]}}],"collection":[{"href":"https:\/\/prensapresidencialvenezuela.gob.ve\/index.php\/wp-json\/wp\/v2\/posts"}],"about":[{"href":"https:\/\/prensapresidencialvenezuela.gob.ve\/index.php\/wp-json\/wp\/v2\/types\/post"}],"author":[{"embeddable":true,"href":"https:\/\/prensapresidencialvenezuela.gob.ve\/index.php\/wp-json\/wp\/v2\/users\/1"}],"replies":[{"embeddable":true,"href":"https:\/\/prensapresidencialvenezuela.gob.ve\/index.php\/wp-json\/wp\/v2\/comments?post=21814"}],"version-history":[{"count":3,"href":"https:\/\/prensapresidencialvenezuela.gob.ve\/index.php\/wp-json\/wp\/v2\/posts\/21814\/revisions"}],"predecessor-version":[{"id":21819,"href":"https:\/\/prensapresidencialvenezuela.gob.ve\/index.php\/wp-json\/wp\/v2\/posts\/21814\/revisions\/21819"}],"wp:featuredmedia":[{"embeddable":true,"href":"https:\/\/prensapresidencialvenezuela.gob.ve\/index.php\/wp-json\/wp\/v2\/media\/21815"}],"wp:attachment":[{"href":"https:\/\/prensapresidencialvenezuela.gob.ve\/index.php\/wp-json\/wp\/v2\/media?parent=21814"}],"wp:term":[{"taxonomy":"category","embeddable":true,"href":"https:\/\/prensapresidencialvenezuela.gob.ve\/index.php\/wp-json\/wp\/v2\/categories?post=21814"},{"taxonomy":"post_tag","embeddable":true,"href":"https:\/\/prensapresidencialvenezuela.gob.ve\/index.php\/wp-json\/wp\/v2\/tags?post=21814"}],"curies":[{"name":"wp","href":"https:\/\/api.w.org\/{rel}","templated":true}]}}