{"id":21827,"date":"2025-07-23T20:52:54","date_gmt":"2025-07-24T00:52:54","guid":{"rendered":"https:\/\/prensapresidencialvenezuela.gob.ve\/?p=21827"},"modified":"2025-07-23T20:55:39","modified_gmt":"2025-07-24T00:55:39","slug":"27jul-venezuela-se-prepara-para-una-nueva-consulta-popular-y-es-convocada-a-las-urnas-este-domingo","status":"publish","type":"post","link":"https:\/\/prensapresidencialvenezuela.gob.ve\/index.php\/2025\/07\/23\/27jul-venezuela-se-prepara-para-una-nueva-consulta-popular-y-es-convocada-a-las-urnas-este-domingo\/","title":{"rendered":"#27Jul: Venezuela se prepara para una nueva Consulta Popular y es convocada a las urnas este domingo"},"content":{"rendered":"\n<p>Venezuela se encamina a una nueva jornada electoral este domingo 27 de julio, con una Consulta Popular Nacional centrada en proyectos comunitarios y, en particular, aquellos impulsados por la juventud. En la antesala de este proceso, el presidente de la Rep\u00fablica Bolivariana de Venezuela, Nicol\u00e1s Maduro, enfatiz\u00f3 la visi\u00f3n del gobierno sobre una \u00abdemocracia directa\u00bb y la eficiente gesti\u00f3n de los recursos por parte de las comunidades.<\/p>\n\n\n\n<p>El Mandatario Nacional indic\u00f3 que el pa\u00eds est\u00e1 a la vanguardia de un nuevo modelo de \u00abdemocracia popular y directa\u00bb en Am\u00e9rica Latina, contrast\u00e1ndolo fuertemente con los sistemas democr\u00e1ticos occidentales a los que tild\u00f3 de \u00abagotados\u00bb y \u00abplutocracias\u00bb.<\/p>\n\n\n\n<figure class=\"wp-block-image size-large\"><img fetchpriority=\"high\" decoding=\"async\" width=\"1024\" height=\"705\" src=\"https:\/\/prensapresidencialvenezuela.gob.ve\/wp-content\/uploads\/2025\/07\/06EG__7926_P-1024x705.jpg\" alt=\"\" class=\"wp-image-21834\" srcset=\"https:\/\/prensapresidencialvenezuela.gob.ve\/wp-content\/uploads\/2025\/07\/06EG__7926_P-1024x705.jpg 1024w, https:\/\/prensapresidencialvenezuela.gob.ve\/wp-content\/uploads\/2025\/07\/06EG__7926_P-300x207.jpg 300w, https:\/\/prensapresidencialvenezuela.gob.ve\/wp-content\/uploads\/2025\/07\/06EG__7926_P-768x529.jpg 768w, https:\/\/prensapresidencialvenezuela.gob.ve\/wp-content\/uploads\/2025\/07\/06EG__7926_P-1536x1058.jpg 1536w, https:\/\/prensapresidencialvenezuela.gob.ve\/wp-content\/uploads\/2025\/07\/06EG__7926_P-2048x1411.jpg 2048w\" sizes=\"(max-width: 1024px) 100vw, 1024px\" \/><\/figure>\n\n\n\n<blockquote class=\"wp-block-quote is-layout-flow wp-block-quote-is-layout-flow\">\n<p>\u00abHay un debate en el mundo sobre la democracia, \u00bfverdad? Porque se agot\u00f3 el modelo democr\u00e1tico, burgu\u00e9s, olig\u00e1rquico de occidente. Agotado, no sirve, es falso, es incompleto, no es democracia verdaderamente\u00bb, sentenci\u00f3 el presidente Maduro, asegurando que la \u00abdemocracia de todos los d\u00edas, una democracia directa y completa es \u00abpermanente y verdadera\u00bb.<\/p>\n<\/blockquote>\n\n\n\n<p>En tal sentido, hizo un llamado enf\u00e1tico a la participaci\u00f3n masiva en la consulta de este domingo, dirigi\u00e9ndose especialmente a los j\u00f3venes: \u00abEl pr\u00f3ximo domingo, tenemos la consulta de la juventud. Ah\u00ed s\u00ed van a participar ustedes. Claro, en esta consulta de la juventud vamos a participar nosotros, los adultos mayores, los adultos contempor\u00e1neos, la juventud acumulada. Tenemos que apoyar a los proyectos de la juventud. Hay que salir a votar el domingo por la juventud, para la juventud\u00bb.<\/p>\n\n\n\n<p>Finalmente, inst\u00f3 a \u00abtodos los chicos de 15 a\u00f1os en adelante, chicos y chicas\u00bb, a participar \u00abpor tu comuna, los proyectos de la comunidad\u00bb.<\/p>\n\n\n\n<p><strong>Prensa Presidencial \/ Iliana Rosales<\/strong><\/p>\n","protected":false},"excerpt":{"rendered":"<p>Venezuela se encamina a una nueva jornada electoral este domingo 27 de julio, con una Consulta Popular Nacional centrada en proyectos comunitarios y, en particular, aquellos impulsados por la juventud. En la antesala de este proceso, el presidente de la Rep\u00fablica Bolivariana de Venezuela, Nicol\u00e1s Maduro, enfatiz\u00f3 la visi\u00f3n del gobierno sobre una \u00abdemocracia directa\u00bb [&hellip;]<\/p>\n","protected":false},"author":1,"featured_media":21829,"comment_status":"open","ping_status":"open","sticky":false,"template":"","format":"standard","meta":{"footnotes":""},"categories":[18,7],"tags":[19,20],"class_list":["post-21827","post","type-post","status-publish","format-standard","has-post-thumbnail","hentry","category-noticias-principales","category-notas-de-prensa","tag-nicolas-maduro","tag-venezuela"],"_links":{"self":[{"href":"https:\/\/prensapresidencialvenezuela.gob.ve\/index.php\/wp-json\/wp\/v2\/posts\/21827","targetHints":{"allow":["GET"]}}],"collection":[{"href":"https:\/\/prensapresidencialvenezuela.gob.ve\/index.php\/wp-json\/wp\/v2\/posts"}],"about":[{"href":"https:\/\/prensapresidencialvenezuela.gob.ve\/index.php\/wp-json\/wp\/v2\/types\/post"}],"author":[{"embeddable":true,"href":"https:\/\/prensapresidencialvenezuela.gob.ve\/index.php\/wp-json\/wp\/v2\/users\/1"}],"replies":[{"embeddable":true,"href":"https:\/\/prensapresidencialvenezuela.gob.ve\/index.php\/wp-json\/wp\/v2\/comments?post=21827"}],"version-history":[{"count":3,"href":"https:\/\/prensapresidencialvenezuela.gob.ve\/index.php\/wp-json\/wp\/v2\/posts\/21827\/revisions"}],"predecessor-version":[{"id":21835,"href":"https:\/\/prensapresidencialvenezuela.gob.ve\/index.php\/wp-json\/wp\/v2\/posts\/21827\/revisions\/21835"}],"wp:featuredmedia":[{"embeddable":true,"href":"https:\/\/prensapresidencialvenezuela.gob.ve\/index.php\/wp-json\/wp\/v2\/media\/21829"}],"wp:attachment":[{"href":"https:\/\/prensapresidencialvenezuela.gob.ve\/index.php\/wp-json\/wp\/v2\/media?parent=21827"}],"wp:term":[{"taxonomy":"category","embeddable":true,"href":"https:\/\/prensapresidencialvenezuela.gob.ve\/index.php\/wp-json\/wp\/v2\/categories?post=21827"},{"taxonomy":"post_tag","embeddable":true,"href":"https:\/\/prensapresidencialvenezuela.gob.ve\/index.php\/wp-json\/wp\/v2\/tags?post=21827"}],"curies":[{"name":"wp","href":"https:\/\/api.w.org\/{rel}","templated":true}]}}