{"id":2183,"date":"2022-06-04T14:41:00","date_gmt":"2022-06-04T14:41:00","guid":{"rendered":"http:\/\/172.27.0.121\/?p=2183"},"modified":"2022-07-13T14:43:34","modified_gmt":"2022-07-13T14:43:34","slug":"ante-las-sanciones-venezuela-aplico-una-economia-de-resistencia","status":"publish","type":"post","link":"https:\/\/prensapresidencialvenezuela.gob.ve\/index.php\/2022\/06\/04\/ante-las-sanciones-venezuela-aplico-una-economia-de-resistencia\/","title":{"rendered":"Ante las sanciones, Venezuela aplic\u00f3 una econom\u00eda de resistencia"},"content":{"rendered":"\n<p><strong>Palacio de Miraflores, Caracas.-<\/strong> El jefe de Estado y de Gobierno, Nicol\u00e1s Maduro, explic\u00f3 en el programa con Atilio Bor\u00f3n que desde Venezuela se puso en pr\u00e1ctica una estrategia de resistencia, \u201cdeclaramos una econom\u00eda de guerra, una econom\u00eda de resistencia y nos planteamos garantizarle al pueblo su alimentaci\u00f3n, las medicinas, mantener los niveles de ocupaci\u00f3n y de empleo y garantizar por la v\u00eda de Carnet de la Patria bonos mensuales de refuerzo a sus ingresos que le permitieran resistir y sobrevivir a ese momento tan dif\u00edcil, tan duro\u201d.<\/p>\n\n\n\n<p>Desde el espacio Di\u00e1logo Internacional con Atilio Bor\u00f3n, por Radio Madre AM 530 (la radio de las Madres de Plaza de Mayo) y Radio del Sur, el Jefe de Estado interactu\u00f3 con periodistas en estudio: Mario Giorgi, Paula Klanchko, Marcelo Rodr\u00edguez y Federico Montero.<\/p>\n\n\n\n<p>Record\u00f3 que hubo un contexto adverso producto de la pandemia por la COVID-19 en el 2020 y \u201ccre\u00edmos, por el ambiente que se cre\u00f3 en el mundo de solidaridad, que podr\u00eda haber la posibilidad de flexibilizaci\u00f3n humana de aquel bloqueo y persecuci\u00f3n econ\u00f3mica, energ\u00e9tica, financiera. Fue lo contrario, se recrudecieron las medidas. Se le llamaba a las empresas trasnacionales que venden f\u00e1rmacos en el mundo para amenazarlas si le vend\u00edan antivirales y medicinas que tuviesen que ver con el coronavirus a Venezuela\u201d.<\/p>\n\n\n\n<p>Durante este di\u00e1logo, el Mandatario nacional fustig\u00f3 la campa\u00f1a liderada por los diarios extranjeros New York Times, Miami Herald y El Pa\u00eds de Espa\u00f1a y \u201ctoda la prensa de la narco oligarqu\u00eda colombiana para decir que Venezuela iba a ser el epicentro mundial de la pandemia\u201d.<\/p>\n\n\n\n<p>\u201cCasi se dec\u00eda que hab\u00eda que invadir a Venezuela para evitar que ese epicentro contaminar\u00e1 a Am\u00e9rica Latina, Sudam\u00e9rica, a Am\u00e9rica del Norte y el mundo\u201d, al tiempo que rechazo el haberse hecho \u201cun formato para convertir la pandemia en un factor m\u00e1s para desestabilizar a Venezuela, para atacarla, para crear condiciones para su invasi\u00f3n, para su ocupaci\u00f3n. Una cosa de dementes\u201d.<\/p>\n\n\n\n<p>Sin embargo, pese a este escenario de ataque, el primer semestre del 2022, Venezuela tuvo un crecimiento de dos d\u00edgitos y la \u201cCEPAL dice que Venezuela tendr\u00e1 el crecimiento m\u00e1s grande este a\u00f1o de Am\u00e9rica Latina\u201d, mientras que \u201cBank of America esta semana proyecto en un informe un crecimiento del 15% y Credit Suite de Suiza dice que podemos llegar al 20%\u201d.<\/p>\n\n\n\n<p>Argument\u00f3 que la oxigenaci\u00f3n que vive el pa\u00eds en materia econom\u00eda responde a que tambi\u00e9n el a\u00f1o 2021 \u201csignific\u00f3 para Venezuela un a\u00f1o de consolidaci\u00f3n de paz y el primer a\u00f1o de la recuperaci\u00f3n de la econom\u00eda real, de la econom\u00eda que produce bienes y servicios del pueblo. En 2021, ante los ojos asombrados de Occidente y el imperio gringo, Venezuela logr\u00f3 un crecimiento del 5% de su econom\u00eda real y una desaceleraci\u00f3n de la hiperinflaci\u00f3n inducida que hab\u00edamos vivido entre el 2018-2020. Una hiperinflaci\u00f3n brutal dif\u00edcil de aguantar por cualquier pa\u00eds del mundo\u201d.<\/p>\n\n\n\n<p>Recalc\u00f3: \u201cEl 2021 signific\u00f3 un primer paso. \u00bfC\u00f3mo lo logramos? Sobre la base del esfuerzo nacional, el liderazgo nacional, la uni\u00f3n de todos los sectores productivos y l\u00edneas claras determinadas por 18 motores econ\u00f3micos.<br>Y desarrollamos una estrategia espec\u00edfica para cada motor econ\u00f3mico, para resolver problemas log\u00edsticos, sustituir importaciones, resolver el tema del financiamiento en bol\u00edvares y d\u00f3lares\u201d.<\/p>\n\n\n\n<p><strong>Prensa Presidencial\/Ana\u00eds P\u00e9rez<\/strong><\/p>\n","protected":false},"excerpt":{"rendered":"<p>Palacio de Miraflores, Caracas.- El jefe de Estado y de Gobierno, Nicol\u00e1s Maduro, explic\u00f3 en el programa con Atilio Bor\u00f3n que desde Venezuela se puso en pr\u00e1ctica una estrategia de resistencia, \u201cdeclaramos una econom\u00eda de guerra, una econom\u00eda de resistencia y nos planteamos garantizarle al pueblo su alimentaci\u00f3n, las medicinas, mantener los niveles de ocupaci\u00f3n [&hellip;]<\/p>\n","protected":false},"author":6,"featured_media":2184,"comment_status":"open","ping_status":"open","sticky":false,"template":"","format":"standard","meta":{"footnotes":""},"categories":[7],"tags":[],"class_list":["post-2183","post","type-post","status-publish","format-standard","has-post-thumbnail","hentry","category-notas-de-prensa"],"_links":{"self":[{"href":"https:\/\/prensapresidencialvenezuela.gob.ve\/index.php\/wp-json\/wp\/v2\/posts\/2183","targetHints":{"allow":["GET"]}}],"collection":[{"href":"https:\/\/prensapresidencialvenezuela.gob.ve\/index.php\/wp-json\/wp\/v2\/posts"}],"about":[{"href":"https:\/\/prensapresidencialvenezuela.gob.ve\/index.php\/wp-json\/wp\/v2\/types\/post"}],"author":[{"embeddable":true,"href":"https:\/\/prensapresidencialvenezuela.gob.ve\/index.php\/wp-json\/wp\/v2\/users\/6"}],"replies":[{"embeddable":true,"href":"https:\/\/prensapresidencialvenezuela.gob.ve\/index.php\/wp-json\/wp\/v2\/comments?post=2183"}],"version-history":[{"count":1,"href":"https:\/\/prensapresidencialvenezuela.gob.ve\/index.php\/wp-json\/wp\/v2\/posts\/2183\/revisions"}],"predecessor-version":[{"id":2185,"href":"https:\/\/prensapresidencialvenezuela.gob.ve\/index.php\/wp-json\/wp\/v2\/posts\/2183\/revisions\/2185"}],"wp:featuredmedia":[{"embeddable":true,"href":"https:\/\/prensapresidencialvenezuela.gob.ve\/index.php\/wp-json\/wp\/v2\/media\/2184"}],"wp:attachment":[{"href":"https:\/\/prensapresidencialvenezuela.gob.ve\/index.php\/wp-json\/wp\/v2\/media?parent=2183"}],"wp:term":[{"taxonomy":"category","embeddable":true,"href":"https:\/\/prensapresidencialvenezuela.gob.ve\/index.php\/wp-json\/wp\/v2\/categories?post=2183"},{"taxonomy":"post_tag","embeddable":true,"href":"https:\/\/prensapresidencialvenezuela.gob.ve\/index.php\/wp-json\/wp\/v2\/tags?post=2183"}],"curies":[{"name":"wp","href":"https:\/\/api.w.org\/{rel}","templated":true}]}}