{"id":21836,"date":"2025-07-23T20:40:00","date_gmt":"2025-07-24T00:40:00","guid":{"rendered":"https:\/\/prensapresidencialvenezuela.gob.ve\/?p=21836"},"modified":"2025-07-24T11:53:27","modified_gmt":"2025-07-24T15:53:27","slug":"2-mil-170-meridenos-seran-atendidos-en-consultorio-popular-rehabilitado","status":"publish","type":"post","link":"https:\/\/prensapresidencialvenezuela.gob.ve\/index.php\/2025\/07\/23\/2-mil-170-meridenos-seran-atendidos-en-consultorio-popular-rehabilitado\/","title":{"rendered":"2 mil 170 meride\u00f1os ser\u00e1n atendidos en consultorio popular rehabilitado"},"content":{"rendered":"\n<p><strong>Carabobo.-<\/strong> Durante la transmisi\u00f3n presidencial desde el estado Carabobo, el Mandatario Nacional, Nicol\u00e1s Maduro Moros, v\u00eda satelital, reinaugur\u00f3 el <strong>Consultorio Popular Tipo 2<\/strong>, Dr. Jos\u00e9 Gregorio Hern\u00e1ndez, ubicado en la parroquia Pulido M\u00e9ndez, del municipio Alberto Adriano.<\/p>\n\n\n\n<p>La meta es que en el consultorio se atiendan a los <strong>2 mil 170 habitantes de la zona<\/strong>, lo que se convierte en unas 530 atenciones m\u00e9dicas mensuales y un total de 452 familias amparadas.<\/p>\n\n\n\n<figure class=\"wp-block-image size-large\"><img fetchpriority=\"high\" decoding=\"async\" width=\"1024\" height=\"711\" src=\"https:\/\/prensapresidencialvenezuela.gob.ve\/wp-content\/uploads\/2025\/07\/28EG__7889_P-1024x711.jpg\" alt=\"\" class=\"wp-image-21838\" srcset=\"https:\/\/prensapresidencialvenezuela.gob.ve\/wp-content\/uploads\/2025\/07\/28EG__7889_P-1024x711.jpg 1024w, https:\/\/prensapresidencialvenezuela.gob.ve\/wp-content\/uploads\/2025\/07\/28EG__7889_P-300x208.jpg 300w, https:\/\/prensapresidencialvenezuela.gob.ve\/wp-content\/uploads\/2025\/07\/28EG__7889_P-768x533.jpg 768w, https:\/\/prensapresidencialvenezuela.gob.ve\/wp-content\/uploads\/2025\/07\/28EG__7889_P-1536x1067.jpg 1536w, https:\/\/prensapresidencialvenezuela.gob.ve\/wp-content\/uploads\/2025\/07\/28EG__7889_P-2048x1422.jpg 2048w\" sizes=\"(max-width: 1024px) 100vw, 1024px\" \/><\/figure>\n\n\n\n<p>El Gobernador del estado Bolivariano de M\u00e9rida, Arnaldo S\u00e1nchez, junto a la Secretaria para el Desarrollo de Salud y Autoridad \u00fanica en Salud, Dra. Moraima Salazar Vocera de la comuna, <strong>Las Cilitas de Maduro<\/strong>, Elexida del Carmen Mac\u00edas Duque.<\/p>\n\n\n\n<p>Cabe destacar que este fue <strong>uno de los proyectos ganadores de la pasada consulta electoral <\/strong>del 25 de abril de 2025. Algunas de las obras realizadas est\u00e1n asociadas a pintura, climatizaci\u00f3n, adecuaciones el\u00e9ctricas, iluminaci\u00f3n y dotaci\u00f3n de insumos y medicamentos.<\/p>\n\n\n\n<p>Entre los servicios que ofrecen a la comunidad est\u00e1 la atenci\u00f3n de medicina general integral a todos los habitantes de la comunidad, atenci\u00f3n m\u00e9dica casa a casa y permanencia activa del Comit\u00e9 de Salud.<\/p>\n\n\n\n<figure class=\"wp-block-image size-large\"><img decoding=\"async\" width=\"1024\" height=\"745\" src=\"https:\/\/prensapresidencialvenezuela.gob.ve\/wp-content\/uploads\/2025\/07\/01EG_L5787_P-1024x745.jpg\" alt=\"\" class=\"wp-image-21839\" srcset=\"https:\/\/prensapresidencialvenezuela.gob.ve\/wp-content\/uploads\/2025\/07\/01EG_L5787_P-1024x745.jpg 1024w, https:\/\/prensapresidencialvenezuela.gob.ve\/wp-content\/uploads\/2025\/07\/01EG_L5787_P-300x218.jpg 300w, https:\/\/prensapresidencialvenezuela.gob.ve\/wp-content\/uploads\/2025\/07\/01EG_L5787_P-768x559.jpg 768w, https:\/\/prensapresidencialvenezuela.gob.ve\/wp-content\/uploads\/2025\/07\/01EG_L5787_P-1536x1117.jpg 1536w, https:\/\/prensapresidencialvenezuela.gob.ve\/wp-content\/uploads\/2025\/07\/01EG_L5787_P-2048x1489.jpg 2048w\" sizes=\"(max-width: 1024px) 100vw, 1024px\" \/><\/figure>\n\n\n\n<p><strong>Prensa Presidencial\/ Claudia Guerra M\u00e9ndez<\/strong><\/p>\n\n\n\n<p><\/p>\n","protected":false},"excerpt":{"rendered":"<p>Carabobo.- Durante la transmisi\u00f3n presidencial desde el estado Carabobo, el Mandatario Nacional, Nicol\u00e1s Maduro Moros, v\u00eda satelital, reinaugur\u00f3 el Consultorio Popular Tipo 2, Dr. Jos\u00e9 Gregorio Hern\u00e1ndez, ubicado en la parroquia Pulido M\u00e9ndez, del municipio Alberto Adriano. La meta es que en el consultorio se atiendan a los 2 mil 170 habitantes de la zona, [&hellip;]<\/p>\n","protected":false},"author":1,"featured_media":21844,"comment_status":"open","ping_status":"open","sticky":false,"template":"","format":"standard","meta":{"footnotes":""},"categories":[18,7],"tags":[1623,1741,668,19],"class_list":["post-21836","post","type-post","status-publish","format-standard","has-post-thumbnail","hentry","category-noticias-principales","category-notas-de-prensa","tag-consulta-popular","tag-las-cilitas-de-maduro","tag-merida","tag-nicolas-maduro"],"_links":{"self":[{"href":"https:\/\/prensapresidencialvenezuela.gob.ve\/index.php\/wp-json\/wp\/v2\/posts\/21836","targetHints":{"allow":["GET"]}}],"collection":[{"href":"https:\/\/prensapresidencialvenezuela.gob.ve\/index.php\/wp-json\/wp\/v2\/posts"}],"about":[{"href":"https:\/\/prensapresidencialvenezuela.gob.ve\/index.php\/wp-json\/wp\/v2\/types\/post"}],"author":[{"embeddable":true,"href":"https:\/\/prensapresidencialvenezuela.gob.ve\/index.php\/wp-json\/wp\/v2\/users\/1"}],"replies":[{"embeddable":true,"href":"https:\/\/prensapresidencialvenezuela.gob.ve\/index.php\/wp-json\/wp\/v2\/comments?post=21836"}],"version-history":[{"count":1,"href":"https:\/\/prensapresidencialvenezuela.gob.ve\/index.php\/wp-json\/wp\/v2\/posts\/21836\/revisions"}],"predecessor-version":[{"id":21840,"href":"https:\/\/prensapresidencialvenezuela.gob.ve\/index.php\/wp-json\/wp\/v2\/posts\/21836\/revisions\/21840"}],"wp:featuredmedia":[{"embeddable":true,"href":"https:\/\/prensapresidencialvenezuela.gob.ve\/index.php\/wp-json\/wp\/v2\/media\/21844"}],"wp:attachment":[{"href":"https:\/\/prensapresidencialvenezuela.gob.ve\/index.php\/wp-json\/wp\/v2\/media?parent=21836"}],"wp:term":[{"taxonomy":"category","embeddable":true,"href":"https:\/\/prensapresidencialvenezuela.gob.ve\/index.php\/wp-json\/wp\/v2\/categories?post=21836"},{"taxonomy":"post_tag","embeddable":true,"href":"https:\/\/prensapresidencialvenezuela.gob.ve\/index.php\/wp-json\/wp\/v2\/tags?post=21836"}],"curies":[{"name":"wp","href":"https:\/\/api.w.org\/{rel}","templated":true}]}}