{"id":21846,"date":"2025-07-24T13:23:48","date_gmt":"2025-07-24T17:23:48","guid":{"rendered":"https:\/\/prensapresidencialvenezuela.gob.ve\/?p=21846"},"modified":"2025-07-24T13:23:49","modified_gmt":"2025-07-24T17:23:49","slug":"presidente-maduro-bolivar-nace-como-sublime-aliento-para-enfrentar-y-vencer-tantas-dificultades","status":"publish","type":"post","link":"https:\/\/prensapresidencialvenezuela.gob.ve\/index.php\/2025\/07\/24\/presidente-maduro-bolivar-nace-como-sublime-aliento-para-enfrentar-y-vencer-tantas-dificultades\/","title":{"rendered":"Presidente Maduro: Bol\u00edvar nace como sublime aliento para enfrentar y vencer tantas dificultades"},"content":{"rendered":"\n<p><strong>Palacio de Miraflores, Caracas.<\/strong>&#8211; A prop\u00f3sito del 242 Aniversario del Natalicio del Libertador Sim\u00f3n Bol\u00edvar y a <strong>202 a\u00f1os de la Batalla Naval del Lago de Maracaibo &#8211; D\u00eda de la Armada Bolivariana,<\/strong> el Jefe de Estado, Nicol\u00e1s Maduro Moros, ofreci\u00f3 su mensaje presidencial al pueblo venezolano.<\/p>\n\n\n\n<p>En sus palabras, con gran emotividad, record\u00f3 que un 24 de julio de 1783, nac\u00eda en Caracas el hombre de las dificultades, el hombre que marcar\u00eda para siempre el devenir hist\u00f3rico de nuestra Am\u00e9rica con su infinita grandeza.<\/p>\n\n\n\n<figure class=\"wp-block-image size-large\"><img fetchpriority=\"high\" decoding=\"async\" width=\"1024\" height=\"683\" src=\"https:\/\/prensapresidencialvenezuela.gob.ve\/wp-content\/uploads\/2025\/07\/06IMG_2521_P-1024x683.jpg\" alt=\"\" class=\"wp-image-21848\" srcset=\"https:\/\/prensapresidencialvenezuela.gob.ve\/wp-content\/uploads\/2025\/07\/06IMG_2521_P-1024x683.jpg 1024w, https:\/\/prensapresidencialvenezuela.gob.ve\/wp-content\/uploads\/2025\/07\/06IMG_2521_P-300x200.jpg 300w, https:\/\/prensapresidencialvenezuela.gob.ve\/wp-content\/uploads\/2025\/07\/06IMG_2521_P-768x512.jpg 768w, https:\/\/prensapresidencialvenezuela.gob.ve\/wp-content\/uploads\/2025\/07\/06IMG_2521_P-1536x1025.jpg 1536w, https:\/\/prensapresidencialvenezuela.gob.ve\/wp-content\/uploads\/2025\/07\/06IMG_2521_P-2048x1366.jpg 2048w\" sizes=\"(max-width: 1024px) 100vw, 1024px\" \/><\/figure>\n\n\n\n<blockquote class=\"wp-block-quote is-layout-flow wp-block-quote-is-layout-flow\">\n<p>\u00abBol\u00edvar, grande entre los grandes en un continente heroico, no hay lugar en este mundo en el que no retumbe el eco de su nombre. Bol\u00edvar nace en nosotros como fuerza hist\u00f3rica de todo un pueblo. Nace como sublime aliento para enfrentar y vencer tantas dificultades\u00bb, dijo el presidente de la Rep\u00fablica de Venezuela en cadena nacional.<\/p>\n<\/blockquote>\n\n\n\n<p>Durante su discurso tambi\u00e9n evoc\u00f3 al Comandante Supremo, Hugo Rafael Ch\u00e1vez Fr\u00edas, en el que reiter\u00f3 que ha sido el mejor ejemplo. <strong>\u00abCh\u00e1vez ha sido y ser\u00e1 el mayor de sus servidores y ese es nuestro ejemplo, que nos marca el coraz\u00f3n como soldados, hombres y mujeres de esta Venezuela\u00bb<\/strong>, puntualiz\u00f3.<\/p>\n\n\n\n<p>Seguidamente enalteci\u00f3 la labor de la Fuerza Armada venezolana con motivo a la Batalla Naval del Lago de Maracaibo.<\/p>\n\n\n\n<p><strong>Prensa Presidencial\/Claudia Guerra M\u00e9ndez<\/strong><\/p>\n","protected":false},"excerpt":{"rendered":"<p>Palacio de Miraflores, Caracas.&#8211; A prop\u00f3sito del 242 Aniversario del Natalicio del Libertador Sim\u00f3n Bol\u00edvar y a 202 a\u00f1os de la Batalla Naval del Lago de Maracaibo &#8211; D\u00eda de la Armada Bolivariana, el Jefe de Estado, Nicol\u00e1s Maduro Moros, ofreci\u00f3 su mensaje presidencial al pueblo venezolano. En sus palabras, con gran emotividad, record\u00f3 que [&hellip;]<\/p>\n","protected":false},"author":1,"featured_media":21847,"comment_status":"open","ping_status":"open","sticky":false,"template":"","format":"standard","meta":{"footnotes":""},"categories":[18,7],"tags":[19,1742,20],"class_list":["post-21846","post","type-post","status-publish","format-standard","has-post-thumbnail","hentry","category-noticias-principales","category-notas-de-prensa","tag-nicolas-maduro","tag-simon-bolivar","tag-venezuela"],"_links":{"self":[{"href":"https:\/\/prensapresidencialvenezuela.gob.ve\/index.php\/wp-json\/wp\/v2\/posts\/21846","targetHints":{"allow":["GET"]}}],"collection":[{"href":"https:\/\/prensapresidencialvenezuela.gob.ve\/index.php\/wp-json\/wp\/v2\/posts"}],"about":[{"href":"https:\/\/prensapresidencialvenezuela.gob.ve\/index.php\/wp-json\/wp\/v2\/types\/post"}],"author":[{"embeddable":true,"href":"https:\/\/prensapresidencialvenezuela.gob.ve\/index.php\/wp-json\/wp\/v2\/users\/1"}],"replies":[{"embeddable":true,"href":"https:\/\/prensapresidencialvenezuela.gob.ve\/index.php\/wp-json\/wp\/v2\/comments?post=21846"}],"version-history":[{"count":1,"href":"https:\/\/prensapresidencialvenezuela.gob.ve\/index.php\/wp-json\/wp\/v2\/posts\/21846\/revisions"}],"predecessor-version":[{"id":21849,"href":"https:\/\/prensapresidencialvenezuela.gob.ve\/index.php\/wp-json\/wp\/v2\/posts\/21846\/revisions\/21849"}],"wp:featuredmedia":[{"embeddable":true,"href":"https:\/\/prensapresidencialvenezuela.gob.ve\/index.php\/wp-json\/wp\/v2\/media\/21847"}],"wp:attachment":[{"href":"https:\/\/prensapresidencialvenezuela.gob.ve\/index.php\/wp-json\/wp\/v2\/media?parent=21846"}],"wp:term":[{"taxonomy":"category","embeddable":true,"href":"https:\/\/prensapresidencialvenezuela.gob.ve\/index.php\/wp-json\/wp\/v2\/categories?post=21846"},{"taxonomy":"post_tag","embeddable":true,"href":"https:\/\/prensapresidencialvenezuela.gob.ve\/index.php\/wp-json\/wp\/v2\/tags?post=21846"}],"curies":[{"name":"wp","href":"https:\/\/api.w.org\/{rel}","templated":true}]}}