{"id":21850,"date":"2025-07-24T13:34:27","date_gmt":"2025-07-24T17:34:27","guid":{"rendered":"https:\/\/prensapresidencialvenezuela.gob.ve\/?p=21850"},"modified":"2025-07-24T13:34:28","modified_gmt":"2025-07-24T17:34:28","slug":"morir-o-ser-libre-desafio-del-pueblo-venezolano-a-202-anos-de-la-batalla-naval-del-lago-de-maracaibo","status":"publish","type":"post","link":"https:\/\/prensapresidencialvenezuela.gob.ve\/index.php\/2025\/07\/24\/morir-o-ser-libre-desafio-del-pueblo-venezolano-a-202-anos-de-la-batalla-naval-del-lago-de-maracaibo\/","title":{"rendered":"Morir o ser libre, desaf\u00edo del pueblo venezolano a 202 a\u00f1os de la Batalla Naval del Lago de Maracaibo"},"content":{"rendered":"\n<p><strong>Palacio de Miraflores, Caracas.-<\/strong> \u00abMorir o ser libre\u00bb, ese era el dilema de aquellos combatientes del mar, de los lagos, de los r\u00edos, fueron las palabras del presidente de la Rep\u00fablica Bolivariana de Venezuela, Nicol\u00e1s Maduro Moros, en cadena nacional, al referirse al aniversario de los 202 a\u00f1os de la Batalla Naval del Lago de Maracaibo.<\/p>\n\n\n\n<p>En este d\u00eda de la Armada Bolivariana, el Mandatario Nacional reconoci\u00f3 la loable labor de los combatientes de esa \u00e9poca, fueron ellos los que sellaron la independencia de Venezuela. Explic\u00f3 que despu\u00e9s de la <strong>Batalla de Carabobo<\/strong>, fueron dos a\u00f1os m\u00e1s de intenso combatir para evitar retrogradar, e inst\u00f3 al pueblo venezolano a mantener presente estas peripecias hist\u00f3ricas.<\/p>\n\n\n\n<blockquote class=\"wp-block-quote is-layout-flow wp-block-quote-is-layout-flow\">\n<p>\u00abEra perfectamente posible que las tropas imperiales de Espa\u00f1a pudieran reemprender la reconquista de todos nuestros suelos (\u2026) no olvidemos que Maracaibo es un puerto caribe\u00f1o por excelencia\u00bb, record\u00f3 el Jefe de Estado al narrar estos inolvidables hechos durante la emancipaci\u00f3n venezolana.<\/p>\n<\/blockquote>\n\n\n\n<figure class=\"wp-block-image size-large\"><img fetchpriority=\"high\" decoding=\"async\" width=\"1024\" height=\"683\" src=\"https:\/\/prensapresidencialvenezuela.gob.ve\/wp-content\/uploads\/2025\/07\/10IMG_2606_P-1024x683.jpg\" alt=\"\" class=\"wp-image-21851\" srcset=\"https:\/\/prensapresidencialvenezuela.gob.ve\/wp-content\/uploads\/2025\/07\/10IMG_2606_P-1024x683.jpg 1024w, https:\/\/prensapresidencialvenezuela.gob.ve\/wp-content\/uploads\/2025\/07\/10IMG_2606_P-300x200.jpg 300w, https:\/\/prensapresidencialvenezuela.gob.ve\/wp-content\/uploads\/2025\/07\/10IMG_2606_P-768x512.jpg 768w, https:\/\/prensapresidencialvenezuela.gob.ve\/wp-content\/uploads\/2025\/07\/10IMG_2606_P-1536x1025.jpg 1536w, https:\/\/prensapresidencialvenezuela.gob.ve\/wp-content\/uploads\/2025\/07\/10IMG_2606_P-2048x1366.jpg 2048w\" sizes=\"(max-width: 1024px) 100vw, 1024px\" \/><\/figure>\n\n\n\n<p>El Presidente rememor\u00f3 importantes haza\u00f1as de la \u00e9pica naval victoriosa en la que destac\u00f3 el apoyo contundente del pueblo venezolano. \u00abEst\u00e1 el ejemplo \u00fanico de <strong>Ana Mar\u00eda Campos,<\/strong> de las mujeres, y de los pescadores y de las pescadoras que apoyaron con fuerza miliciana, con fuerza y bravura, de pueblo de a pie, esta gigantesca victoria que consolid\u00f3 la independencia y permiti\u00f3 avanzar a los ej\u00e9rcitos en el sur para lograr la independencia definitiva de Suram\u00e9rica\u00bb.<\/p>\n\n\n\n<p>Prosigui\u00f3 su discurso, como l\u00ednea de cierre, se\u00f1alando que \u00abhoy tenemos Patria, s\u00ed Patria a la cual hacer sacrificios permanentes. No es poca cosa la responsabilidad hist\u00f3rica que tiene sobre sus hombros la <strong>Armada Bolivariana de Venezuela<\/strong>. No es poca cosa el compromiso de honrar el ejemplo de quienes dieron sus vidas en todas las \u00e9pocas por la Patria\u00bb, indic\u00f3.<\/p>\n\n\n\n<p>Venezuela tiene un rumbo claro, \u00abcon la fusi\u00f3n perfecta, la uni\u00f3n perfecta, popular, militar, policial seguiremos en el camino de la victoria se\u00f1alados por los libertadores. <strong>\u00a1Unidos, siempre venceremos!<\/strong>\u00bb, concluy\u00f3 el Presidente Nicol\u00e1s Maduro Moros.<\/p>\n\n\n\n<p><strong>Prensa Presidencial\/Claudia Guerra M\u00e9ndez<\/strong><\/p>\n\n\n\n<p><\/p>\n","protected":false},"excerpt":{"rendered":"<p>Palacio de Miraflores, Caracas.- \u00abMorir o ser libre\u00bb, ese era el dilema de aquellos combatientes del mar, de los lagos, de los r\u00edos, fueron las palabras del presidente de la Rep\u00fablica Bolivariana de Venezuela, Nicol\u00e1s Maduro Moros, en cadena nacional, al referirse al aniversario de los 202 a\u00f1os de la Batalla Naval del Lago de [&hellip;]<\/p>\n","protected":false},"author":1,"featured_media":21856,"comment_status":"open","ping_status":"open","sticky":false,"template":"","format":"standard","meta":{"footnotes":""},"categories":[18,7],"tags":[1743,19,20],"class_list":["post-21850","post","type-post","status-publish","format-standard","has-post-thumbnail","hentry","category-noticias-principales","category-notas-de-prensa","tag-batalla-naval-del-lago-de-maracaibo","tag-nicolas-maduro","tag-venezuela"],"_links":{"self":[{"href":"https:\/\/prensapresidencialvenezuela.gob.ve\/index.php\/wp-json\/wp\/v2\/posts\/21850","targetHints":{"allow":["GET"]}}],"collection":[{"href":"https:\/\/prensapresidencialvenezuela.gob.ve\/index.php\/wp-json\/wp\/v2\/posts"}],"about":[{"href":"https:\/\/prensapresidencialvenezuela.gob.ve\/index.php\/wp-json\/wp\/v2\/types\/post"}],"author":[{"embeddable":true,"href":"https:\/\/prensapresidencialvenezuela.gob.ve\/index.php\/wp-json\/wp\/v2\/users\/1"}],"replies":[{"embeddable":true,"href":"https:\/\/prensapresidencialvenezuela.gob.ve\/index.php\/wp-json\/wp\/v2\/comments?post=21850"}],"version-history":[{"count":1,"href":"https:\/\/prensapresidencialvenezuela.gob.ve\/index.php\/wp-json\/wp\/v2\/posts\/21850\/revisions"}],"predecessor-version":[{"id":21853,"href":"https:\/\/prensapresidencialvenezuela.gob.ve\/index.php\/wp-json\/wp\/v2\/posts\/21850\/revisions\/21853"}],"wp:featuredmedia":[{"embeddable":true,"href":"https:\/\/prensapresidencialvenezuela.gob.ve\/index.php\/wp-json\/wp\/v2\/media\/21856"}],"wp:attachment":[{"href":"https:\/\/prensapresidencialvenezuela.gob.ve\/index.php\/wp-json\/wp\/v2\/media?parent=21850"}],"wp:term":[{"taxonomy":"category","embeddable":true,"href":"https:\/\/prensapresidencialvenezuela.gob.ve\/index.php\/wp-json\/wp\/v2\/categories?post=21850"},{"taxonomy":"post_tag","embeddable":true,"href":"https:\/\/prensapresidencialvenezuela.gob.ve\/index.php\/wp-json\/wp\/v2\/tags?post=21850"}],"curies":[{"name":"wp","href":"https:\/\/api.w.org\/{rel}","templated":true}]}}