{"id":21857,"date":"2025-07-24T15:42:23","date_gmt":"2025-07-24T19:42:23","guid":{"rendered":"https:\/\/prensapresidencialvenezuela.gob.ve\/?p=21857"},"modified":"2025-07-24T16:00:16","modified_gmt":"2025-07-24T20:00:16","slug":"enfotos-acto-conmemorativo-por-el-242-aniversario-del-natalicio-del-libertador-202-de-la-batalla-naval-del-lago-y-dia-de-la-armada-bolivariana","status":"publish","type":"post","link":"https:\/\/prensapresidencialvenezuela.gob.ve\/index.php\/2025\/07\/24\/enfotos-acto-conmemorativo-por-el-242-aniversario-del-natalicio-del-libertador-202-de-la-batalla-naval-del-lago-y-dia-de-la-armada-bolivariana\/","title":{"rendered":"#EnFotos || Acto conmemorativo por el 242\u00b0 Aniversario del natalicio del Libertador, 202\u00b0 de la Batalla Naval del Lago y D\u00eda de la Armada Bolivariana"},"content":{"rendered":"\n<p>El 24 de julio de 1823, la <strong>Batalla Naval del Lago de Maracaibo<\/strong> logr\u00f3 derribar el \u00faltimo basti\u00f3n del dominio espa\u00f1ol y marcar el camino hacia la independencia definitiva de nuestra naci\u00f3n.<\/p>\n\n\n\n<p>Hoy, la <strong>Rep\u00fablica Bolivariana de Venezuela<\/strong> demuestra la valent\u00eda de hombres y mujeres patriotas que, con coraje y entrega, lograron infundir soberan\u00eda y orgullo en cada rinc\u00f3n de nuestro pa\u00eds. <\/p>\n\n\n\n<p>En el acto conmemorativo por el 242\u00b0 Aniversario del Natalicio de El Libertador Sim\u00f3n Bol\u00edvar, 202\u00b0 de la Batalla Naval del Lago y D\u00eda de la Armada Bolivariana, realizado en La Guaira, el <strong>presidente de la Rep\u00fablica Bolivariana de Venezuela<\/strong>, Nicol\u00e1s Maduro, record\u00f3 que \u00abexiste un modelo preciso, una gu\u00eda clara que traza el rumbo. Con la fusi\u00f3n perfecta, la uni\u00f3n popular, militar y policial seguiremos en el camino se\u00f1alado por nuestros libertadores\u00bb.<\/p>\n\n\n\n<p>Por su parte, el&nbsp;G\/J Vladimir Padrino L\u00f3pez,<strong> vicepresidente sectorial de Defensa y Soberan\u00eda<\/strong>, expres\u00f3 su orgullo de todos sus soldados, soldadas, oficiales y de todo lo que hacen para defender la Patria. <\/p>\n\n\n\n<p>\u201cHoy m\u00e1s que nunca tenemos el deber de honrar el genio pol\u00edtico, militar y constitucional de Bol\u00edvar, as\u00ed como la entrega de nuestros libertadores\u201d, afirm\u00f3.<\/p>\n\n\n\n<div class=\"wp-block-cover\"><span aria-hidden=\"true\" class=\"wp-block-cover__background has-background-dim\"><\/span><div class=\"wp-block-cover__inner-container is-layout-flow wp-block-cover-is-layout-flow\">\n<div class=\"wp-block-group\"><div class=\"wp-block-group__inner-container is-layout-constrained wp-block-group-is-layout-constrained\">\n<figure class=\"wp-block-image size-large\"><img fetchpriority=\"high\" decoding=\"async\" width=\"683\" height=\"1024\" src=\"https:\/\/prensapresidencialvenezuela.gob.ve\/wp-content\/uploads\/2025\/07\/2Y2A1537-683x1024.jpg\" alt=\"\" class=\"wp-image-21858\" srcset=\"https:\/\/prensapresidencialvenezuela.gob.ve\/wp-content\/uploads\/2025\/07\/2Y2A1537-683x1024.jpg 683w, https:\/\/prensapresidencialvenezuela.gob.ve\/wp-content\/uploads\/2025\/07\/2Y2A1537-200x300.jpg 200w, https:\/\/prensapresidencialvenezuela.gob.ve\/wp-content\/uploads\/2025\/07\/2Y2A1537-768x1152.jpg 768w, https:\/\/prensapresidencialvenezuela.gob.ve\/wp-content\/uploads\/2025\/07\/2Y2A1537-1024x1536.jpg 1024w, https:\/\/prensapresidencialvenezuela.gob.ve\/wp-content\/uploads\/2025\/07\/2Y2A1537-1365x2048.jpg 1365w, https:\/\/prensapresidencialvenezuela.gob.ve\/wp-content\/uploads\/2025\/07\/2Y2A1537-scaled.jpg 1707w\" sizes=\"(max-width: 683px) 100vw, 683px\" \/><figcaption class=\"wp-element-caption\"><em>Un miembro de la Armada Bolivariana de Venezuela, con uniforme de faena y equipo t\u00e1ctico, porta un estandarte durante el acto conmemorativo por el 242\u00b0 Aniversario del Natalicio de El Libertador Sim\u00f3n Bol\u00edvar, el 202\u00b0 Aniversario de la Batalla Naval del Lago de Maracaibo y el D\u00eda de la Armada Bolivariana. En el fondo, se aprecia una bandera de Venezuela | <strong>Foto: Prensa FANB <\/strong><\/em><\/figcaption><\/figure>\n<\/div><\/div>\n<\/div><\/div>\n\n\n\n<figure class=\"wp-block-image size-large\"><img decoding=\"async\" width=\"683\" height=\"1024\" src=\"https:\/\/prensapresidencialvenezuela.gob.ve\/wp-content\/uploads\/2025\/07\/2Y2A1550-683x1024.jpg\" alt=\"\" class=\"wp-image-21863\" srcset=\"https:\/\/prensapresidencialvenezuela.gob.ve\/wp-content\/uploads\/2025\/07\/2Y2A1550-683x1024.jpg 683w, https:\/\/prensapresidencialvenezuela.gob.ve\/wp-content\/uploads\/2025\/07\/2Y2A1550-200x300.jpg 200w, https:\/\/prensapresidencialvenezuela.gob.ve\/wp-content\/uploads\/2025\/07\/2Y2A1550-768x1152.jpg 768w, https:\/\/prensapresidencialvenezuela.gob.ve\/wp-content\/uploads\/2025\/07\/2Y2A1550-1024x1536.jpg 1024w, https:\/\/prensapresidencialvenezuela.gob.ve\/wp-content\/uploads\/2025\/07\/2Y2A1550-1365x2048.jpg 1365w, https:\/\/prensapresidencialvenezuela.gob.ve\/wp-content\/uploads\/2025\/07\/2Y2A1550-scaled.jpg 1707w\" sizes=\"(max-width: 683px) 100vw, 683px\" \/><figcaption class=\"wp-element-caption\"><em>Un miembro de la Armada Bolivariana de Venezuela, con uniforme de faena y equipo t\u00e1ctico, porta un estandarte durante el acto conmemorativo por el 242\u00b0 Aniversario del Natalicio de El Libertador Sim\u00f3n Bol\u00edvar, el 202\u00b0 Aniversario de la Batalla Naval del Lago de Maracaibo y el D\u00eda de la Armada Bolivariana. | <strong>Foto: Prensa FANB <\/strong><\/em><\/figcaption><\/figure>\n\n\n\n<div class=\"wp-block-cover\"><span aria-hidden=\"true\" class=\"wp-block-cover__background has-background-dim\"><\/span><div class=\"wp-block-cover__inner-container is-layout-flow wp-block-cover-is-layout-flow\">\n<div class=\"wp-block-group\"><div class=\"wp-block-group__inner-container is-layout-constrained wp-block-group-is-layout-constrained\">\n<figure class=\"wp-block-image size-large\"><img decoding=\"async\" width=\"682\" height=\"1024\" src=\"https:\/\/prensapresidencialvenezuela.gob.ve\/wp-content\/uploads\/2025\/07\/4904697290636242316-1-682x1024.jpg\" alt=\"\" class=\"wp-image-21866\" srcset=\"https:\/\/prensapresidencialvenezuela.gob.ve\/wp-content\/uploads\/2025\/07\/4904697290636242316-1-682x1024.jpg 682w, https:\/\/prensapresidencialvenezuela.gob.ve\/wp-content\/uploads\/2025\/07\/4904697290636242316-1-200x300.jpg 200w, https:\/\/prensapresidencialvenezuela.gob.ve\/wp-content\/uploads\/2025\/07\/4904697290636242316-1-768x1152.jpg 768w, https:\/\/prensapresidencialvenezuela.gob.ve\/wp-content\/uploads\/2025\/07\/4904697290636242316-1.jpg 853w\" sizes=\"(max-width: 682px) 100vw, 682px\" \/><figcaption class=\"wp-element-caption\"><em>Oficiales de la Armada Bolivariana de Venezuela, vestidos con su uniforme de gala blanco, rinden honores durante el acto conmemorativo por el 242\u00b0 Aniversario del Natalicio de El Libertador Sim\u00f3n Bol\u00edvar, el 202\u00b0 Aniversario de la Batalla Naval del Lago de Maracaibo y el D\u00eda de la Armada Bolivariana. La ceremonia se llev\u00f3 a cabo en La Guaira, donde se observa un veh\u00edculo anfibio de la armada en segundo plano. <strong>Foto: Prensa FANB <\/strong><\/em><\/figcaption><\/figure>\n<\/div><\/div>\n<\/div><\/div>\n\n\n\n<figure class=\"wp-block-image size-large\"><img loading=\"lazy\" decoding=\"async\" width=\"1024\" height=\"683\" src=\"https:\/\/prensapresidencialvenezuela.gob.ve\/wp-content\/uploads\/2025\/07\/2Y2A1724-1024x683.jpg\" alt=\"\" class=\"wp-image-21875\" srcset=\"https:\/\/prensapresidencialvenezuela.gob.ve\/wp-content\/uploads\/2025\/07\/2Y2A1724-1024x683.jpg 1024w, https:\/\/prensapresidencialvenezuela.gob.ve\/wp-content\/uploads\/2025\/07\/2Y2A1724-300x200.jpg 300w, https:\/\/prensapresidencialvenezuela.gob.ve\/wp-content\/uploads\/2025\/07\/2Y2A1724-768x512.jpg 768w, https:\/\/prensapresidencialvenezuela.gob.ve\/wp-content\/uploads\/2025\/07\/2Y2A1724-1536x1024.jpg 1536w, https:\/\/prensapresidencialvenezuela.gob.ve\/wp-content\/uploads\/2025\/07\/2Y2A1724-2048x1365.jpg 2048w\" sizes=\"(max-width: 1024px) 100vw, 1024px\" \/><figcaption class=\"wp-element-caption\"><em>Miembros de la Armada Bolivariana de Venezuela, ataviados con uniformes hist\u00f3ricos, desfilan con fusiles en la mano durante el acto conmemorativo. <strong>Foto: Prensa FANB <\/strong><\/em><\/figcaption><\/figure>\n\n\n\n<div class=\"wp-block-cover\"><span aria-hidden=\"true\" class=\"wp-block-cover__background has-background-dim\"><\/span><div class=\"wp-block-cover__inner-container is-layout-flow wp-block-cover-is-layout-flow\">\n<div class=\"wp-block-group\"><div class=\"wp-block-group__inner-container is-layout-constrained wp-block-group-is-layout-constrained\">\n<figure class=\"wp-block-image size-large\"><img loading=\"lazy\" decoding=\"async\" width=\"1024\" height=\"654\" src=\"https:\/\/prensapresidencialvenezuela.gob.ve\/wp-content\/uploads\/2025\/07\/4904697290636242313-1024x654.jpg\" alt=\"\" class=\"wp-image-21876\" srcset=\"https:\/\/prensapresidencialvenezuela.gob.ve\/wp-content\/uploads\/2025\/07\/4904697290636242313-1024x654.jpg 1024w, https:\/\/prensapresidencialvenezuela.gob.ve\/wp-content\/uploads\/2025\/07\/4904697290636242313-300x191.jpg 300w, https:\/\/prensapresidencialvenezuela.gob.ve\/wp-content\/uploads\/2025\/07\/4904697290636242313-768x490.jpg 768w, https:\/\/prensapresidencialvenezuela.gob.ve\/wp-content\/uploads\/2025\/07\/4904697290636242313.jpg 1280w\" sizes=\"(max-width: 1024px) 100vw, 1024px\" \/><figcaption class=\"wp-element-caption\"><em>El Buque Escuela AB Sim\u00f3n Bol\u00edvar (BE-11), conocido como el \u00abEmbajador sin Fronteras\u00bb, navega majestuosamente en la costa de La Guira, acompa\u00f1ado por varias embarcaciones de la Armada Bolivariana, incluyendo lanchas guardacostas y otras unidades navales, durante la conmemoraci\u00f3n del 242\u00b0 Aniversario del Natalicio de El Libertador, el 202\u00b0 de la Batalla Naval del Lago y el D\u00eda de la Armada Bolivariana. <strong>Foto: Prensa FANB <\/strong><\/em><\/figcaption><\/figure>\n<\/div><\/div>\n<\/div><\/div>\n\n\n\n<figure class=\"wp-block-image size-large\"><img loading=\"lazy\" decoding=\"async\" width=\"683\" height=\"1024\" src=\"https:\/\/prensapresidencialvenezuela.gob.ve\/wp-content\/uploads\/2025\/07\/2Y2A2007-683x1024.jpg\" alt=\"\" class=\"wp-image-21879\" srcset=\"https:\/\/prensapresidencialvenezuela.gob.ve\/wp-content\/uploads\/2025\/07\/2Y2A2007-683x1024.jpg 683w, https:\/\/prensapresidencialvenezuela.gob.ve\/wp-content\/uploads\/2025\/07\/2Y2A2007-200x300.jpg 200w, https:\/\/prensapresidencialvenezuela.gob.ve\/wp-content\/uploads\/2025\/07\/2Y2A2007-768x1152.jpg 768w, https:\/\/prensapresidencialvenezuela.gob.ve\/wp-content\/uploads\/2025\/07\/2Y2A2007-1024x1536.jpg 1024w, https:\/\/prensapresidencialvenezuela.gob.ve\/wp-content\/uploads\/2025\/07\/2Y2A2007-1365x2048.jpg 1365w, https:\/\/prensapresidencialvenezuela.gob.ve\/wp-content\/uploads\/2025\/07\/2Y2A2007-scaled.jpg 1707w\" sizes=\"(max-width: 683px) 100vw, 683px\" \/><figcaption class=\"wp-element-caption\"><em>Veh\u00edculos militares de la Infanter\u00eda de Marina de la Armada Bolivariana de Venezuela, incluyendo un blindado anfibio y un veh\u00edculo todoterreno, participan en el acto conmemorativo por el 242\u00b0 Aniversario del Natalicio de El Libertador Sim\u00f3n Bol\u00edvar, el 202\u00b0 Aniversario de la Batalla Naval del Lago de Maracaibo y el D\u00eda de la Armada Bolivariana, realizado en la costa de La Guaira. <strong>Foto: Prensa FANB <\/strong><\/em><\/figcaption><\/figure>\n\n\n\n<div class=\"wp-block-cover\"><span aria-hidden=\"true\" class=\"wp-block-cover__background has-background-dim\"><\/span><div class=\"wp-block-cover__inner-container is-layout-flow wp-block-cover-is-layout-flow\">\n<div class=\"wp-block-group\"><div class=\"wp-block-group__inner-container is-layout-constrained wp-block-group-is-layout-constrained\">\n<figure class=\"wp-block-image size-large\"><img loading=\"lazy\" decoding=\"async\" width=\"1024\" height=\"727\" src=\"https:\/\/prensapresidencialvenezuela.gob.ve\/wp-content\/uploads\/2025\/07\/2Y2A1982-1024x727.jpg\" alt=\"\" class=\"wp-image-21880\" srcset=\"https:\/\/prensapresidencialvenezuela.gob.ve\/wp-content\/uploads\/2025\/07\/2Y2A1982-1024x727.jpg 1024w, https:\/\/prensapresidencialvenezuela.gob.ve\/wp-content\/uploads\/2025\/07\/2Y2A1982-300x213.jpg 300w, https:\/\/prensapresidencialvenezuela.gob.ve\/wp-content\/uploads\/2025\/07\/2Y2A1982-768x545.jpg 768w, https:\/\/prensapresidencialvenezuela.gob.ve\/wp-content\/uploads\/2025\/07\/2Y2A1982-1536x1090.jpg 1536w, https:\/\/prensapresidencialvenezuela.gob.ve\/wp-content\/uploads\/2025\/07\/2Y2A1982-2048x1454.jpg 2048w\" sizes=\"(max-width: 1024px) 100vw, 1024px\" \/><figcaption class=\"wp-element-caption\"><em>El General en Jefe Vladimir Padrino L\u00f3pez, Ministro del Poder Popular para la Defensa de Venezuela, rinde honores con un saludo militar, acompa\u00f1ado de autoridades civiles y militares, durante el acto conmemorativo del 242\u00b0 Aniversario del Natalicio de El Libertador Sim\u00f3n Bol\u00edvar, el 202\u00b0 de la Batalla Naval del Lago de Maracaibo y el D\u00eda de la Armada Bolivariana. De fondo, se aprecia un banner alusivo a la fecha.<\/em> <em><strong>Foto: Prensa FANB <\/strong><\/em><\/figcaption><\/figure>\n<\/div><\/div>\n<\/div><\/div>\n\n\n\n<figure class=\"wp-block-image size-large is-resized\"><img loading=\"lazy\" decoding=\"async\" width=\"683\" height=\"1024\" src=\"https:\/\/prensapresidencialvenezuela.gob.ve\/wp-content\/uploads\/2025\/07\/2Y2A1806-683x1024.jpg\" alt=\"\" class=\"wp-image-21884\" style=\"aspect-ratio:1;object-fit:cover;width:840px;height:auto\" srcset=\"https:\/\/prensapresidencialvenezuela.gob.ve\/wp-content\/uploads\/2025\/07\/2Y2A1806-683x1024.jpg 683w, https:\/\/prensapresidencialvenezuela.gob.ve\/wp-content\/uploads\/2025\/07\/2Y2A1806-200x300.jpg 200w, https:\/\/prensapresidencialvenezuela.gob.ve\/wp-content\/uploads\/2025\/07\/2Y2A1806-768x1151.jpg 768w, https:\/\/prensapresidencialvenezuela.gob.ve\/wp-content\/uploads\/2025\/07\/2Y2A1806-1024x1536.jpg 1024w, https:\/\/prensapresidencialvenezuela.gob.ve\/wp-content\/uploads\/2025\/07\/2Y2A1806-1366x2048.jpg 1366w, https:\/\/prensapresidencialvenezuela.gob.ve\/wp-content\/uploads\/2025\/07\/2Y2A1806-scaled.jpg 1707w\" sizes=\"(max-width: 683px) 100vw, 683px\" \/><figcaption class=\"wp-element-caption\"><em>Un helic\u00f3ptero militar de la Fuerza Armada Nacional Bolivariana sobrevuela el cielo de La Guaira, portando una gran bandera de Venezuela, como parte del acto conmemorativo por el 242\u00b0 Aniversario del Natalicio de El Libertador Sim\u00f3n Bol\u00edvar, el 202\u00b0 de la Batalla Naval del Lago de Maracaibo y el D\u00eda de la Armada Bolivariana.<\/em> <em><strong>Foto: Prensa FANB<\/strong><\/em><\/figcaption><\/figure>\n\n\n\n<div class=\"wp-block-cover\"><span aria-hidden=\"true\" class=\"wp-block-cover__background has-background-dim\"><\/span><div class=\"wp-block-cover__inner-container is-layout-flow wp-block-cover-is-layout-flow\">\n<div class=\"wp-block-group\"><div class=\"wp-block-group__inner-container is-layout-constrained wp-block-group-is-layout-constrained\">\n<figure class=\"wp-block-image size-large\"><img loading=\"lazy\" decoding=\"async\" width=\"683\" height=\"1024\" src=\"https:\/\/prensapresidencialvenezuela.gob.ve\/wp-content\/uploads\/2025\/07\/2Y2A1682-1-683x1024.jpg\" alt=\"\" class=\"wp-image-21885\" srcset=\"https:\/\/prensapresidencialvenezuela.gob.ve\/wp-content\/uploads\/2025\/07\/2Y2A1682-1-683x1024.jpg 683w, https:\/\/prensapresidencialvenezuela.gob.ve\/wp-content\/uploads\/2025\/07\/2Y2A1682-1-200x300.jpg 200w, https:\/\/prensapresidencialvenezuela.gob.ve\/wp-content\/uploads\/2025\/07\/2Y2A1682-1-768x1152.jpg 768w, https:\/\/prensapresidencialvenezuela.gob.ve\/wp-content\/uploads\/2025\/07\/2Y2A1682-1-1024x1536.jpg 1024w, https:\/\/prensapresidencialvenezuela.gob.ve\/wp-content\/uploads\/2025\/07\/2Y2A1682-1-1365x2048.jpg 1365w, https:\/\/prensapresidencialvenezuela.gob.ve\/wp-content\/uploads\/2025\/07\/2Y2A1682-1-scaled.jpg 1707w\" sizes=\"(max-width: 683px) 100vw, 683px\" \/><figcaption class=\"wp-element-caption\"><em>Cadetes de la Armada Bolivariana de Venezuela, ataviados con sus uniformes de gala blancos y portando fusiles con bayonetas, participan en el acto conmemorativo por el 242\u00b0 Aniversario del Natalicio de El Libertador Sim\u00f3n Bol\u00edvar, el 202\u00b0 Aniversario de la Batalla Naval del Lago de Maracaibo y el D\u00eda de la Armada Bolivariana, celebrado en la costa de La Guaira.<\/em> <em><strong>Foto: Prensa FANB<\/strong><\/em><\/figcaption><\/figure>\n<\/div><\/div>\n<\/div><\/div>\n\n\n\n<figure class=\"wp-block-image size-large\"><img loading=\"lazy\" decoding=\"async\" width=\"1024\" height=\"683\" src=\"https:\/\/prensapresidencialvenezuela.gob.ve\/wp-content\/uploads\/2025\/07\/2Y2A1723-1024x683.jpg\" alt=\"\" class=\"wp-image-21886\" srcset=\"https:\/\/prensapresidencialvenezuela.gob.ve\/wp-content\/uploads\/2025\/07\/2Y2A1723-1024x683.jpg 1024w, https:\/\/prensapresidencialvenezuela.gob.ve\/wp-content\/uploads\/2025\/07\/2Y2A1723-300x200.jpg 300w, https:\/\/prensapresidencialvenezuela.gob.ve\/wp-content\/uploads\/2025\/07\/2Y2A1723-768x512.jpg 768w, https:\/\/prensapresidencialvenezuela.gob.ve\/wp-content\/uploads\/2025\/07\/2Y2A1723-1536x1024.jpg 1536w, https:\/\/prensapresidencialvenezuela.gob.ve\/wp-content\/uploads\/2025\/07\/2Y2A1723-2048x1365.jpg 2048w\" sizes=\"(max-width: 1024px) 100vw, 1024px\" \/><figcaption class=\"wp-element-caption\"><em>Oficiales y cadetes de la Armada Bolivariana de Venezuela, vistiendo sus uniformes de gala y portando estandartes con insignias de unidades navales, forman parte de la parada militar durante el acto conmemorativo por el 242\u00b0 Aniversario del Natalicio de El Libertador Sim\u00f3n Bol\u00edvar, el 202\u00b0 de la Batalla Naval del Lago de Maracaibo y el D\u00eda de la Armada Bolivariana, llevado a cabo en la costa de La Guaira. Al fondo, se aprecia el mar y embarcaciones.<\/em> <em><strong>Foto: Prensa FANB<\/strong><\/em><\/figcaption><\/figure>\n\n\n\n<p><strong>Prensa Presidencial \/ IR-LT<\/strong><\/p>\n\n\n\n<p><\/p>\n","protected":false},"excerpt":{"rendered":"<p>El 24 de julio de 1823, la Batalla Naval del Lago de Maracaibo logr\u00f3 derribar el \u00faltimo basti\u00f3n del dominio espa\u00f1ol y marcar el camino hacia la independencia definitiva de nuestra naci\u00f3n. Hoy, la Rep\u00fablica Bolivariana de Venezuela demuestra la valent\u00eda de hombres y mujeres patriotas que, con coraje y entrega, lograron infundir soberan\u00eda y [&hellip;]<\/p>\n","protected":false},"author":1,"featured_media":21876,"comment_status":"open","ping_status":"open","sticky":false,"template":"","format":"standard","meta":{"footnotes":""},"categories":[18,7],"tags":[],"class_list":["post-21857","post","type-post","status-publish","format-standard","has-post-thumbnail","hentry","category-noticias-principales","category-notas-de-prensa"],"_links":{"self":[{"href":"https:\/\/prensapresidencialvenezuela.gob.ve\/index.php\/wp-json\/wp\/v2\/posts\/21857","targetHints":{"allow":["GET"]}}],"collection":[{"href":"https:\/\/prensapresidencialvenezuela.gob.ve\/index.php\/wp-json\/wp\/v2\/posts"}],"about":[{"href":"https:\/\/prensapresidencialvenezuela.gob.ve\/index.php\/wp-json\/wp\/v2\/types\/post"}],"author":[{"embeddable":true,"href":"https:\/\/prensapresidencialvenezuela.gob.ve\/index.php\/wp-json\/wp\/v2\/users\/1"}],"replies":[{"embeddable":true,"href":"https:\/\/prensapresidencialvenezuela.gob.ve\/index.php\/wp-json\/wp\/v2\/comments?post=21857"}],"version-history":[{"count":25,"href":"https:\/\/prensapresidencialvenezuela.gob.ve\/index.php\/wp-json\/wp\/v2\/posts\/21857\/revisions"}],"predecessor-version":[{"id":21894,"href":"https:\/\/prensapresidencialvenezuela.gob.ve\/index.php\/wp-json\/wp\/v2\/posts\/21857\/revisions\/21894"}],"wp:featuredmedia":[{"embeddable":true,"href":"https:\/\/prensapresidencialvenezuela.gob.ve\/index.php\/wp-json\/wp\/v2\/media\/21876"}],"wp:attachment":[{"href":"https:\/\/prensapresidencialvenezuela.gob.ve\/index.php\/wp-json\/wp\/v2\/media?parent=21857"}],"wp:term":[{"taxonomy":"category","embeddable":true,"href":"https:\/\/prensapresidencialvenezuela.gob.ve\/index.php\/wp-json\/wp\/v2\/categories?post=21857"},{"taxonomy":"post_tag","embeddable":true,"href":"https:\/\/prensapresidencialvenezuela.gob.ve\/index.php\/wp-json\/wp\/v2\/tags?post=21857"}],"curies":[{"name":"wp","href":"https:\/\/api.w.org\/{rel}","templated":true}]}}