{"id":2186,"date":"2022-06-04T14:43:00","date_gmt":"2022-06-04T14:43:00","guid":{"rendered":"http:\/\/172.27.0.121\/?p=2186"},"modified":"2022-07-13T14:51:28","modified_gmt":"2022-07-13T14:51:28","slug":"venezuela-vive-el-despertar-de-sus-fuerzas-productivas-reales","status":"publish","type":"post","link":"https:\/\/prensapresidencialvenezuela.gob.ve\/index.php\/2022\/06\/04\/venezuela-vive-el-despertar-de-sus-fuerzas-productivas-reales\/","title":{"rendered":"Venezuela vive el despertar de sus fuerzas productivas reales"},"content":{"rendered":"\n<p><strong>Palacio de Miraflores, Caracas.-<\/strong> El presidente de la a Rep\u00fablica Bolivariana de Venezuela, Nicol\u00e1s Maduro, enfatiz\u00f3 que en el pa\u00eds se ha experimentado un despertar de las fuerzas productivas reales, por la v\u00eda de una nueva econom\u00eda.<\/p>\n\n\n\n<p>Desde el espacio Di\u00e1logo Internacional con Atilio Bor\u00f3n, por Radio Madre AM 530 (la radio de las Madres de Plaza de Mayo) y Radio del Sur, el Jefe de Estado interactu\u00f3 con periodistas en estudio: Mario Giorgi, Paula Klanchko, Marcelo Rodr\u00edguez y Federico Montero.<\/p>\n\n\n\n<p>En un distendido recuento por los aspectos que han caracterizado el proceso de recuperaci\u00f3n econ\u00f3mica venezolana, el Dignatario se\u00f1al\u00f3 que a pesar del bloqueo, Venezuela cuenta con el aval de informes la dan como una de las econom\u00edas de mayor perspectivas de crecimiento en la regi\u00f3n.<\/p>\n\n\n\n<p>El Mandatario nacional aludi\u00f3, en este sentido, que la semana pasada sali\u00f3 a la luz un nuevo libro que revela los hilos que se tejen para la conformaci\u00f3n de la pol\u00edtica exterior y seguridad nacional de Estados Unidos, titulado: \u201cUn juramento sagrado: memorias de un secretario de Defensa durante tiempos extraordinarios\u201d. Su autor Mark Thomas Esper, ofrece sus testimonios del periodo en que se desempe\u00f1\u00f3 como jefe del Pent\u00e1gono bajo las \u00f3rdenes del presidente Donald Trump, desde julio de 2019 hasta su despido del cargo despu\u00e9s de las elecciones de noviembre de 2020.<\/p>\n\n\n\n<p>\u201cEste libro y otros como el de Bulton describen el clima interno en la Casa Blanca y todos los planes contra Venezuela, los planes contra la econom\u00eda\u201d, indico el presidente Nicol\u00e1s Maduro, al recordar que \u201cVenezuela recibi\u00f3 m\u00e1s de 500 sanciones a su econom\u00eda, el petr\u00f3leo, la industria, el comercio, secuestro de activos en el exterior, secuestro y congelamiento de cuentas por m\u00e1s de 21 mil millones de d\u00f3lares; y adem\u00e1s planes directos de guerra, de magnicidio, planes para asesinarme, para asesinar a los principales l\u00edderes pol\u00edticos y militares de la Revoluci\u00f3n\u201d.<\/p>\n\n\n\n<p>Se trat\u00f3 de \u201ctoda una ofensiva extremista que desde el 2018 se recrudeci\u00f3\u201d, lo que \u201ctuvo un impacto tremendo en la econom\u00eda. Nosotros tuvimos catorce meses sin vender una gota de petr\u00f3leo, despu\u00e9s de 120 a\u00f1os de ser Venezuela una econom\u00eda productora y exportadora de petr\u00f3leo, de las primeras del mundo. Pasamos de 3 millones de barriles de petr\u00f3leo diario a cero, producto de la persecuci\u00f3n contra quienes nos compraban el petr\u00f3leo, el chantaje contra las empresas petroleras del mundo, la persecuci\u00f3n contra los barcos que se llevaba el petr\u00f3leo, la imposibilidad de pagarnos petr\u00f3leo\u201d.<\/p>\n\n\n\n<p>El Dignatario venezolano calific\u00f3 de persecuci\u00f3n espeluznante la dirigida contra Venezuela, y de la cual \u201cen el mundo nadie habla de ella, que en los medios de comunicaci\u00f3n no sacan ni un mil\u00edmetro de esta informaci\u00f3n\u201d.<\/p>\n\n\n\n<p><strong>Prensa Presidencial\/Anais P\u00e9rez<\/strong><\/p>\n","protected":false},"excerpt":{"rendered":"<p>Palacio de Miraflores, Caracas.- El presidente de la a Rep\u00fablica Bolivariana de Venezuela, Nicol\u00e1s Maduro, enfatiz\u00f3 que en el pa\u00eds se ha experimentado un despertar de las fuerzas productivas reales, por la v\u00eda de una nueva econom\u00eda. Desde el espacio Di\u00e1logo Internacional con Atilio Bor\u00f3n, por Radio Madre AM 530 (la radio de las Madres [&hellip;]<\/p>\n","protected":false},"author":6,"featured_media":2187,"comment_status":"open","ping_status":"open","sticky":false,"template":"","format":"standard","meta":{"footnotes":""},"categories":[7],"tags":[],"class_list":["post-2186","post","type-post","status-publish","format-standard","has-post-thumbnail","hentry","category-notas-de-prensa"],"_links":{"self":[{"href":"https:\/\/prensapresidencialvenezuela.gob.ve\/index.php\/wp-json\/wp\/v2\/posts\/2186","targetHints":{"allow":["GET"]}}],"collection":[{"href":"https:\/\/prensapresidencialvenezuela.gob.ve\/index.php\/wp-json\/wp\/v2\/posts"}],"about":[{"href":"https:\/\/prensapresidencialvenezuela.gob.ve\/index.php\/wp-json\/wp\/v2\/types\/post"}],"author":[{"embeddable":true,"href":"https:\/\/prensapresidencialvenezuela.gob.ve\/index.php\/wp-json\/wp\/v2\/users\/6"}],"replies":[{"embeddable":true,"href":"https:\/\/prensapresidencialvenezuela.gob.ve\/index.php\/wp-json\/wp\/v2\/comments?post=2186"}],"version-history":[{"count":1,"href":"https:\/\/prensapresidencialvenezuela.gob.ve\/index.php\/wp-json\/wp\/v2\/posts\/2186\/revisions"}],"predecessor-version":[{"id":2188,"href":"https:\/\/prensapresidencialvenezuela.gob.ve\/index.php\/wp-json\/wp\/v2\/posts\/2186\/revisions\/2188"}],"wp:featuredmedia":[{"embeddable":true,"href":"https:\/\/prensapresidencialvenezuela.gob.ve\/index.php\/wp-json\/wp\/v2\/media\/2187"}],"wp:attachment":[{"href":"https:\/\/prensapresidencialvenezuela.gob.ve\/index.php\/wp-json\/wp\/v2\/media?parent=2186"}],"wp:term":[{"taxonomy":"category","embeddable":true,"href":"https:\/\/prensapresidencialvenezuela.gob.ve\/index.php\/wp-json\/wp\/v2\/categories?post=2186"},{"taxonomy":"post_tag","embeddable":true,"href":"https:\/\/prensapresidencialvenezuela.gob.ve\/index.php\/wp-json\/wp\/v2\/tags?post=2186"}],"curies":[{"name":"wp","href":"https:\/\/api.w.org\/{rel}","templated":true}]}}