{"id":21895,"date":"2025-07-24T20:47:38","date_gmt":"2025-07-25T00:47:38","guid":{"rendered":"https:\/\/prensapresidencialvenezuela.gob.ve\/?p=21895"},"modified":"2025-07-24T20:47:39","modified_gmt":"2025-07-25T00:47:39","slug":"telesur-20-anos-de-la-liberacion-de-la-verdad","status":"publish","type":"post","link":"https:\/\/prensapresidencialvenezuela.gob.ve\/index.php\/2025\/07\/24\/telesur-20-anos-de-la-liberacion-de-la-verdad\/","title":{"rendered":"TeleSur: 20 a\u00f1os de la liberaci\u00f3n de la verdad"},"content":{"rendered":"\n<p><strong>TeleSUR, Caracas.-<\/strong> La voz alternativa frente a los medios hegem\u00f3nicos, TeleSUR, arrib\u00f3 a su 20\u00b0 aniversario. En su celebraci\u00f3n, el presidente de la Rep\u00fablica Bolivariana de Venezuela, Nicol\u00e1s Maduro Moros, concede este jueves una entrevista exclusiva a los periodistas Patricia Villegas e Ignacio Ramonet en la que reconoci\u00f3 la labor comunicacional de este medio para que los pueblos tengan visibilidad.<\/p>\n\n\n\n<p>A su llegada, el Mandatario Nacional devel\u00f3 un vitral dedicado a las dos d\u00e9cadas cumplidas de esta multiplataforma informativa, inaugurada el 24 de julio de 2005, ideada por el Comandante Hugo Rafael Ch\u00e1vez Fr\u00edas y Fidel Castro en su visi\u00f3n de crear un medio de comunicaci\u00f3n para los pueblos de Am\u00e9rica Latina y el Caribe, que expresara el esp\u00edritu libertario e independentista.<\/p>\n\n\n\n<blockquote class=\"wp-block-quote is-layout-flow wp-block-quote-is-layout-flow\">\n<p>\u00abTeleSUR, es la voz de un mundo nuevo que siempre florecer\u00e1\u00bb, dijo el Jefe de Estado venezolano en sus primeras felicitaciones a los trabajadores y trabajadoras del canal televisivo. La entrevista tambi\u00e9n ser\u00e1 transmitida por Venezolana de Televisi\u00f3n (VTV), emisoras radiales y redes sociales del Presidente.<\/p>\n<\/blockquote>\n\n\n\n<figure class=\"wp-block-image size-large\"><img fetchpriority=\"high\" decoding=\"async\" width=\"1024\" height=\"735\" src=\"https:\/\/prensapresidencialvenezuela.gob.ve\/wp-content\/uploads\/2025\/07\/14_ZC__5767_P-1024x735.jpg\" alt=\"\" class=\"wp-image-21899\" srcset=\"https:\/\/prensapresidencialvenezuela.gob.ve\/wp-content\/uploads\/2025\/07\/14_ZC__5767_P-1024x735.jpg 1024w, https:\/\/prensapresidencialvenezuela.gob.ve\/wp-content\/uploads\/2025\/07\/14_ZC__5767_P-300x215.jpg 300w, https:\/\/prensapresidencialvenezuela.gob.ve\/wp-content\/uploads\/2025\/07\/14_ZC__5767_P-768x551.jpg 768w, https:\/\/prensapresidencialvenezuela.gob.ve\/wp-content\/uploads\/2025\/07\/14_ZC__5767_P-1536x1102.jpg 1536w, https:\/\/prensapresidencialvenezuela.gob.ve\/wp-content\/uploads\/2025\/07\/14_ZC__5767_P-2048x1469.jpg 2048w\" sizes=\"(max-width: 1024px) 100vw, 1024px\" \/><\/figure>\n\n\n\n<p><strong>Prensa Presidencial\/ Claudia Guerra M\u00e9ndez<\/strong><\/p>\n\n\n\n<p><\/p>\n","protected":false},"excerpt":{"rendered":"<p>TeleSUR, Caracas.- La voz alternativa frente a los medios hegem\u00f3nicos, TeleSUR, arrib\u00f3 a su 20\u00b0 aniversario. En su celebraci\u00f3n, el presidente de la Rep\u00fablica Bolivariana de Venezuela, Nicol\u00e1s Maduro Moros, concede este jueves una entrevista exclusiva a los periodistas Patricia Villegas e Ignacio Ramonet en la que reconoci\u00f3 la labor comunicacional de este medio para [&hellip;]<\/p>\n","protected":false},"author":1,"featured_media":21898,"comment_status":"open","ping_status":"open","sticky":false,"template":"","format":"standard","meta":{"footnotes":""},"categories":[18,7],"tags":[19,1746,1744,20],"class_list":["post-21895","post","type-post","status-publish","format-standard","has-post-thumbnail","hentry","category-noticias-principales","category-notas-de-prensa","tag-nicolas-maduro","tag-patricia-villegas","tag-telesur","tag-venezuela"],"_links":{"self":[{"href":"https:\/\/prensapresidencialvenezuela.gob.ve\/index.php\/wp-json\/wp\/v2\/posts\/21895","targetHints":{"allow":["GET"]}}],"collection":[{"href":"https:\/\/prensapresidencialvenezuela.gob.ve\/index.php\/wp-json\/wp\/v2\/posts"}],"about":[{"href":"https:\/\/prensapresidencialvenezuela.gob.ve\/index.php\/wp-json\/wp\/v2\/types\/post"}],"author":[{"embeddable":true,"href":"https:\/\/prensapresidencialvenezuela.gob.ve\/index.php\/wp-json\/wp\/v2\/users\/1"}],"replies":[{"embeddable":true,"href":"https:\/\/prensapresidencialvenezuela.gob.ve\/index.php\/wp-json\/wp\/v2\/comments?post=21895"}],"version-history":[{"count":2,"href":"https:\/\/prensapresidencialvenezuela.gob.ve\/index.php\/wp-json\/wp\/v2\/posts\/21895\/revisions"}],"predecessor-version":[{"id":21900,"href":"https:\/\/prensapresidencialvenezuela.gob.ve\/index.php\/wp-json\/wp\/v2\/posts\/21895\/revisions\/21900"}],"wp:featuredmedia":[{"embeddable":true,"href":"https:\/\/prensapresidencialvenezuela.gob.ve\/index.php\/wp-json\/wp\/v2\/media\/21898"}],"wp:attachment":[{"href":"https:\/\/prensapresidencialvenezuela.gob.ve\/index.php\/wp-json\/wp\/v2\/media?parent=21895"}],"wp:term":[{"taxonomy":"category","embeddable":true,"href":"https:\/\/prensapresidencialvenezuela.gob.ve\/index.php\/wp-json\/wp\/v2\/categories?post=21895"},{"taxonomy":"post_tag","embeddable":true,"href":"https:\/\/prensapresidencialvenezuela.gob.ve\/index.php\/wp-json\/wp\/v2\/tags?post=21895"}],"curies":[{"name":"wp","href":"https:\/\/api.w.org\/{rel}","templated":true}]}}