{"id":21902,"date":"2025-07-24T21:18:40","date_gmt":"2025-07-25T01:18:40","guid":{"rendered":"https:\/\/prensapresidencialvenezuela.gob.ve\/?p=21902"},"modified":"2025-07-27T10:37:41","modified_gmt":"2025-07-27T14:37:41","slug":"china-y-venezuela-mantienen-lazos-y-asociacion-estrategica-de-alto-nivel","status":"publish","type":"post","link":"https:\/\/prensapresidencialvenezuela.gob.ve\/index.php\/2025\/07\/24\/china-y-venezuela-mantienen-lazos-y-asociacion-estrategica-de-alto-nivel\/","title":{"rendered":"China y Venezuela mantienen lazos y asociaci\u00f3n estrat\u00e9gica de Alto Nivel"},"content":{"rendered":"\n<p><strong>TeleSUR, Caracas. \u2013 \u00ab<\/strong>Con la Rep\u00fablica Popular China tenemos una asociaci\u00f3n estrat\u00e9gica de Alto Nivel, para todo momento y toda \u00e9poca, que ya est\u00e1 aprobada en el terreno\u00bb, reafirm\u00f3 el presidente de la Rep\u00fablica Bolivariana de Venezuela, Nicol\u00e1s Maduro Moros, durante una entrevista exclusiva que ofreci\u00f3 en la multiplataforma informativa, TeleSUR.<\/p>\n\n\n\n<p>Esta cita se realiz\u00f3 durante el aniversario n\u00famero 20 del canal informativo, en donde el presidente Nicol\u00e1s Maduro, estuvo junto al periodista espa\u00f1ol, Ignacio Ramonet y la presidenta de Telesur, Patricia Villegas.<\/p>\n\n\n\n<p>Por otra parte, el jefe de Estado coment\u00f3 con relaci\u00f3n a las relaciones de hermandad y alianzas estrat\u00e9gicas entre China y Venezuela, que la Naci\u00f3n hermana \u00abes una potencia vislumbrada, que hoy por hoy, se mantiene como la primera fuerza mundial en todas las materias de la vida\u00bb.<\/p>\n\n\n\n<p>En la misma l\u00ednea, el Presidente destac\u00f3 que entre los proyectos principales que tiene Venezuela con China a futuro, est\u00e1 el establecer antes de que termine el a\u00f1o 2025, todo lo que tiene que ver con la formaci\u00f3n pol\u00edtica en la Universidad de Ciencias Pol\u00edticas y Derecho de China, con el Partido Comunista China y del sistema de fundaci\u00f3n del Partido Socialista Unida de Venezuela (PSUV).<\/p>\n\n\n\n<figure class=\"wp-block-gallery has-nested-images columns-default is-cropped wp-block-gallery-1 is-layout-flex wp-block-gallery-is-layout-flex\">\n<figure class=\"wp-block-image size-large\"><img fetchpriority=\"high\" decoding=\"async\" width=\"1024\" height=\"683\" data-id=\"21916\" src=\"https:\/\/prensapresidencialvenezuela.gob.ve\/wp-content\/uploads\/2025\/07\/42_ZC__6191_P-1024x683.jpg\" alt=\"\" class=\"wp-image-21916\" srcset=\"https:\/\/prensapresidencialvenezuela.gob.ve\/wp-content\/uploads\/2025\/07\/42_ZC__6191_P-1024x683.jpg 1024w, https:\/\/prensapresidencialvenezuela.gob.ve\/wp-content\/uploads\/2025\/07\/42_ZC__6191_P-300x200.jpg 300w, https:\/\/prensapresidencialvenezuela.gob.ve\/wp-content\/uploads\/2025\/07\/42_ZC__6191_P-768x512.jpg 768w, https:\/\/prensapresidencialvenezuela.gob.ve\/wp-content\/uploads\/2025\/07\/42_ZC__6191_P-1536x1024.jpg 1536w, https:\/\/prensapresidencialvenezuela.gob.ve\/wp-content\/uploads\/2025\/07\/42_ZC__6191_P-2048x1366.jpg 2048w\" sizes=\"(max-width: 1024px) 100vw, 1024px\" \/><\/figure>\n<\/figure>\n\n\n\n<h2 class=\"wp-block-heading\">\u00abTenemos grandes planes dentro de un marco de entendimiento y hermandad. Nosotros nos llenamos de orgullo, desde el esp\u00edritu del Comandante Ch\u00e1vez, de tener una relaci\u00f3n tan esplendida con la Rep\u00fablica Popular China\u00bb. &nbsp;<\/h2>\n\n\n\n<p>Asimismo, dijo que este gran pa\u00eds tiene una nueva pol\u00edtica, ya que \u00abno es una potencia colonialista ni supremacista, ni hegemonista\u00bb, porque a trav\u00e9s de los a\u00f1os ha construido una gran comunidad, por ser la primera potencia comercial y tecnol\u00f3gica del mundo.<\/p>\n\n\n\n<h2 class=\"wp-block-heading\">Alianza tecnol\u00f3gica<\/h2>\n\n\n\n<p>En este orden de ideas, el Mandatario Nacional reiter\u00f3 que ambos pa\u00edses mantienen lazos fuertes y una alianza tecnol\u00f3gica; motivo por el cual, ya han sellado un conjunto de temas:<\/p>\n\n\n\n<ul class=\"wp-block-list\">\n<li>El primero, en materia de energ\u00eda.<\/li>\n\n\n\n<li>En segundo lugar, la apertura comercial de China como mercado para el proceso exportador venezolano.<\/li>\n\n\n\n<li>En tercer lugar, la alianza tecnol\u00f3gica, espec\u00edficamente, para el desarrollo de la Inteligencia Artificial (IA) soberana, aut\u00f3noma y con caracter\u00edsticas venezolanas, adem\u00e1s de conversaciones que han sostenido en materia satelital.<\/li>\n<\/ul>\n\n\n\n<blockquote class=\"wp-block-quote is-layout-flow wp-block-quote-is-layout-flow\">\n<h2 class=\"wp-block-heading\">\u00abChina es una ciudad tecnol\u00f3gica y comercial en el mundo, marca una pauta hacia el futuro, es una gran potencia. Una comunidad de destino compartido\u00bb, precis\u00f3.<\/h2>\n\n\n\n<figure class=\"wp-block-image size-large\"><img decoding=\"async\" width=\"1024\" height=\"674\" src=\"https:\/\/prensapresidencialvenezuela.gob.ve\/wp-content\/uploads\/2025\/07\/38_ZC__6130_P-1024x674.jpg\" alt=\"\" class=\"wp-image-21922\" srcset=\"https:\/\/prensapresidencialvenezuela.gob.ve\/wp-content\/uploads\/2025\/07\/38_ZC__6130_P-1024x674.jpg 1024w, https:\/\/prensapresidencialvenezuela.gob.ve\/wp-content\/uploads\/2025\/07\/38_ZC__6130_P-300x198.jpg 300w, https:\/\/prensapresidencialvenezuela.gob.ve\/wp-content\/uploads\/2025\/07\/38_ZC__6130_P-768x506.jpg 768w, https:\/\/prensapresidencialvenezuela.gob.ve\/wp-content\/uploads\/2025\/07\/38_ZC__6130_P-1536x1011.jpg 1536w, https:\/\/prensapresidencialvenezuela.gob.ve\/wp-content\/uploads\/2025\/07\/38_ZC__6130_P-2048x1348.jpg 2048w\" sizes=\"(max-width: 1024px) 100vw, 1024px\" \/><\/figure>\n<\/blockquote>\n\n\n\n<p>Finalmente, el L\u00edder venezolano enfatiz\u00f3 que el pa\u00eds asi\u00e1tico se est\u00e1 planteando un gran di\u00e1logo de la humanidad,  como lo ha destacado el presidente de la Rep\u00fablica Popular China, Xi Jinping.<\/p>\n\n\n\n<p><strong>Prensa Presidencial\/ Irmary D\u00edaz<\/strong><\/p>\n\n\n\n<p><\/p>\n","protected":false},"excerpt":{"rendered":"<p>TeleSUR, Caracas. \u2013 \u00abCon la Rep\u00fablica Popular China tenemos una asociaci\u00f3n estrat\u00e9gica de Alto Nivel, para todo momento y toda \u00e9poca, que ya est\u00e1 aprobada en el terreno\u00bb, reafirm\u00f3 el presidente de la Rep\u00fablica Bolivariana de Venezuela, Nicol\u00e1s Maduro Moros, durante una entrevista exclusiva que ofreci\u00f3 en la multiplataforma informativa, TeleSUR. Esta cita se realiz\u00f3 [&hellip;]<\/p>\n","protected":false},"author":15,"featured_media":21921,"comment_status":"open","ping_status":"open","sticky":false,"template":"","format":"standard","meta":{"footnotes":""},"categories":[18,7],"tags":[],"class_list":["post-21902","post","type-post","status-publish","format-standard","has-post-thumbnail","hentry","category-noticias-principales","category-notas-de-prensa"],"_links":{"self":[{"href":"https:\/\/prensapresidencialvenezuela.gob.ve\/index.php\/wp-json\/wp\/v2\/posts\/21902","targetHints":{"allow":["GET"]}}],"collection":[{"href":"https:\/\/prensapresidencialvenezuela.gob.ve\/index.php\/wp-json\/wp\/v2\/posts"}],"about":[{"href":"https:\/\/prensapresidencialvenezuela.gob.ve\/index.php\/wp-json\/wp\/v2\/types\/post"}],"author":[{"embeddable":true,"href":"https:\/\/prensapresidencialvenezuela.gob.ve\/index.php\/wp-json\/wp\/v2\/users\/15"}],"replies":[{"embeddable":true,"href":"https:\/\/prensapresidencialvenezuela.gob.ve\/index.php\/wp-json\/wp\/v2\/comments?post=21902"}],"version-history":[{"count":4,"href":"https:\/\/prensapresidencialvenezuela.gob.ve\/index.php\/wp-json\/wp\/v2\/posts\/21902\/revisions"}],"predecessor-version":[{"id":22018,"href":"https:\/\/prensapresidencialvenezuela.gob.ve\/index.php\/wp-json\/wp\/v2\/posts\/21902\/revisions\/22018"}],"wp:featuredmedia":[{"embeddable":true,"href":"https:\/\/prensapresidencialvenezuela.gob.ve\/index.php\/wp-json\/wp\/v2\/media\/21921"}],"wp:attachment":[{"href":"https:\/\/prensapresidencialvenezuela.gob.ve\/index.php\/wp-json\/wp\/v2\/media?parent=21902"}],"wp:term":[{"taxonomy":"category","embeddable":true,"href":"https:\/\/prensapresidencialvenezuela.gob.ve\/index.php\/wp-json\/wp\/v2\/categories?post=21902"},{"taxonomy":"post_tag","embeddable":true,"href":"https:\/\/prensapresidencialvenezuela.gob.ve\/index.php\/wp-json\/wp\/v2\/tags?post=21902"}],"curies":[{"name":"wp","href":"https:\/\/api.w.org\/{rel}","templated":true}]}}