{"id":2192,"date":"2022-06-04T14:53:00","date_gmt":"2022-06-04T14:53:00","guid":{"rendered":"http:\/\/172.27.0.121\/?p=2192"},"modified":"2022-07-13T14:54:50","modified_gmt":"2022-07-13T14:54:50","slug":"gobierno-de-estados-unidos-aniquilo-posibilidad-de-exito-de-la-reunion-de-los-angeles","status":"publish","type":"post","link":"https:\/\/prensapresidencialvenezuela.gob.ve\/index.php\/2022\/06\/04\/gobierno-de-estados-unidos-aniquilo-posibilidad-de-exito-de-la-reunion-de-los-angeles\/","title":{"rendered":"Gobierno de Estados Unidos aniquil\u00f3 posibilidad de \u00e9xito de la reuni\u00f3n de Los \u00c1ngeles"},"content":{"rendered":"\n<p><strong>Palacio de Miraflores, Caracas.-<\/strong> \u201cEl propio gobierno de Estados Unidos se encarg\u00f3 de meterle una pu\u00f1alada a la posibilidad de \u00e9xito de la Cumbre de la Am\u00e9ricas\u201d, asever\u00f3 el presidente de la Rep\u00fablica Bolivariana de Venezuela, Nicol\u00e1s Maduro, en el espacio Di\u00e1logo Internacional con Atilio Bor\u00f3n, por Radio Madre AM 530 (la radio de las Madres de Plaza de Mayo) y Radio del Sur.<\/p>\n\n\n\n<p>Consultado en torno a la gran contradicci\u00f3n manifiesta por el gobierno norteamericano al excluir a Venezuela, Cuba y Nicaragua de la Cumbre de las Am\u00e9ricas, el Mandatario refiri\u00f3 que a todas luces est\u00e1 llena de ambig\u00fcedad la posici\u00f3n de Estados Unidos.<\/p>\n\n\n\n<p>\u201cM\u00e1s de 25 gobiernos (de los 33 gobiernos) del continente han expresado su protesta p\u00fablica y su exigencia de que se invite a todos los gobiernos y pa\u00edses del continente\u201d, se\u00f1al\u00f3 el presidente Maduro.<\/p>\n\n\n\n<p>En esa l\u00ednea, el Jefe de Estado venezolano manifest\u00f3 que evitan escuchar la voz de los pueblos, en un contexto en el que \u201cAm\u00e9rica va tomando su camino de nuevo\u201d, en un ritmo que busca aproximarse a los tiempos del viraje que experiment\u00f3 la regi\u00f3n en los tiempos de Hugo Ch\u00e1vez, Lula Da Silva, Tabar\u00e9 V\u00e1zquez, Cristina Fern\u00e1ndez, entre otros l\u00edderes de la regi\u00f3n.<\/p>\n\n\n\n<p>El Mandatario estim\u00f3 que el a\u00f1o 2023 ser\u00e1 para retomar Unasur. \u201cPodamos otra vez recolocarlos (\u2026) los pueblos pueden tardar pero siempre vuelven al camino de la uni\u00f3n y de la liberaci\u00f3n\u201d.<\/p>\n\n\n\n<p>En una reciente conversaci\u00f3n con su par argentino, Alberto Fern\u00e1ndez, revel\u00f3 el presidente Maduro, que han coincidido con que \u00e9l lleve (Fern\u00e1ndez), como presidente de la Comunidad de Estados Latinoamericanos y Caribe\u00f1os (CELAC), la voz de Am\u00e9rica Latina y el Caribe hasta la reuni\u00f3n de Los \u00c1ngeles.<\/p>\n\n\n\n<p>\u201cSe que vamos a estar bien representados en la reuni\u00f3n de Los \u00c1ngeles, en la voz del presidente Fern\u00e1ndez, es un hombre valiente\u201d, indico el Mandatario nacional.<\/p>\n\n\n\n<p><strong>Prensa Presidencial\/Ana\u00eds P\u00e9rez<\/strong><\/p>\n","protected":false},"excerpt":{"rendered":"<p>Palacio de Miraflores, Caracas.- \u201cEl propio gobierno de Estados Unidos se encarg\u00f3 de meterle una pu\u00f1alada a la posibilidad de \u00e9xito de la Cumbre de la Am\u00e9ricas\u201d, asever\u00f3 el presidente de la Rep\u00fablica Bolivariana de Venezuela, Nicol\u00e1s Maduro, en el espacio Di\u00e1logo Internacional con Atilio Bor\u00f3n, por Radio Madre AM 530 (la radio de las [&hellip;]<\/p>\n","protected":false},"author":6,"featured_media":2193,"comment_status":"open","ping_status":"open","sticky":false,"template":"","format":"standard","meta":{"footnotes":""},"categories":[7],"tags":[],"class_list":["post-2192","post","type-post","status-publish","format-standard","has-post-thumbnail","hentry","category-notas-de-prensa"],"_links":{"self":[{"href":"https:\/\/prensapresidencialvenezuela.gob.ve\/index.php\/wp-json\/wp\/v2\/posts\/2192","targetHints":{"allow":["GET"]}}],"collection":[{"href":"https:\/\/prensapresidencialvenezuela.gob.ve\/index.php\/wp-json\/wp\/v2\/posts"}],"about":[{"href":"https:\/\/prensapresidencialvenezuela.gob.ve\/index.php\/wp-json\/wp\/v2\/types\/post"}],"author":[{"embeddable":true,"href":"https:\/\/prensapresidencialvenezuela.gob.ve\/index.php\/wp-json\/wp\/v2\/users\/6"}],"replies":[{"embeddable":true,"href":"https:\/\/prensapresidencialvenezuela.gob.ve\/index.php\/wp-json\/wp\/v2\/comments?post=2192"}],"version-history":[{"count":1,"href":"https:\/\/prensapresidencialvenezuela.gob.ve\/index.php\/wp-json\/wp\/v2\/posts\/2192\/revisions"}],"predecessor-version":[{"id":2194,"href":"https:\/\/prensapresidencialvenezuela.gob.ve\/index.php\/wp-json\/wp\/v2\/posts\/2192\/revisions\/2194"}],"wp:featuredmedia":[{"embeddable":true,"href":"https:\/\/prensapresidencialvenezuela.gob.ve\/index.php\/wp-json\/wp\/v2\/media\/2193"}],"wp:attachment":[{"href":"https:\/\/prensapresidencialvenezuela.gob.ve\/index.php\/wp-json\/wp\/v2\/media?parent=2192"}],"wp:term":[{"taxonomy":"category","embeddable":true,"href":"https:\/\/prensapresidencialvenezuela.gob.ve\/index.php\/wp-json\/wp\/v2\/categories?post=2192"},{"taxonomy":"post_tag","embeddable":true,"href":"https:\/\/prensapresidencialvenezuela.gob.ve\/index.php\/wp-json\/wp\/v2\/tags?post=2192"}],"curies":[{"name":"wp","href":"https:\/\/api.w.org\/{rel}","templated":true}]}}