{"id":21924,"date":"2025-07-24T22:09:08","date_gmt":"2025-07-25T02:09:08","guid":{"rendered":"https:\/\/prensapresidencialvenezuela.gob.ve\/?p=21924"},"modified":"2025-07-25T14:26:40","modified_gmt":"2025-07-25T18:26:40","slug":"la-oposicion-es-responsable-de-las-sanciones-el-bloqueo-y-el-secuestro-de-252-venezolanos-denuncio-el-presidente-maduro","status":"publish","type":"post","link":"https:\/\/prensapresidencialvenezuela.gob.ve\/index.php\/2025\/07\/24\/la-oposicion-es-responsable-de-las-sanciones-el-bloqueo-y-el-secuestro-de-252-venezolanos-denuncio-el-presidente-maduro\/","title":{"rendered":"\u201cLa oposici\u00f3n es responsable de las sanciones, el bloqueo y el secuestro de 252 venezolanos\u201d, denunci\u00f3 el presidente Maduro"},"content":{"rendered":"\n<p><strong>TeleSUR, Caracas.- <\/strong>El presidente de la Rep\u00fablica Bolivariana de Venezuela, Nicol\u00e1s Maduro, responsabiliz\u00f3 este jueves a la oposici\u00f3n extremista del pa\u00eds de ser la responsable directa de las sanciones, el bloqueo econ\u00f3mico, los llamados a una intervenci\u00f3n extranjera y, m\u00e1s recientemente, de haber celebrado el secuestro y la tortura de 252 venezolanos en El Salvador.<\/p>\n\n\n\n<blockquote class=\"wp-block-quote is-layout-flow wp-block-quote-is-layout-flow\">\n<p>El Mandatario Nacional, durante una entrevista especial para el canal TeleSUR, se\u00f1al\u00f3 directamente a  Mar\u00eda Corina Machado, Julio Borges, Leopoldo L\u00f3pez y Juan Guaid\u00f3 por \u00abhaber impuesto el relato del Tren de Aragua en Estados Unidos\u00bb y, por consecuencia, haber causado la detenci\u00f3n y el posterior traslado de estos venezolanos a una c\u00e1rcel en El Salvador, quienes eran inocentes y solo fueron v\u00edctimas de violaciones de derechos humanos.<\/p>\n<\/blockquote>\n\n\n\n<h2 class=\"wp-block-heading\"><strong>El secreto de la diplomacia en el rescate de los 252<\/strong><\/h2>\n\n\n\n<p>El presidente revel\u00f3 que el rescate de los 252 venezolanos inocentes se logr\u00f3 gracias a una combinaci\u00f3n de fe en Dios y una diplomacia secreta. En este sentido, destac\u00f3 la solidaridad internacional un\u00e1nime\u00bb de movimientos, ONG\u2019s y organismos de derechos humanos, as\u00ed como el apoyo dentro de un grupo de abogados de El Salvador, movimientos pol\u00edticos progresistas y figuras eclesi\u00e1sticas como el Cardenal Gregorio Ch\u00e1vez.<\/p>\n\n\n\n<blockquote class=\"wp-block-quote is-layout-flow wp-block-quote-is-layout-flow\">\n<p>\u00abNosotros tenemos nuestros secretos, nuestras formas de actuar\u00bb, afirm\u00f3 el presidente Maduro, enfatizando que la denuncia y la verdad, junto con la movilizaci\u00f3n popular y la uni\u00f3n de todo el pueblo venezolano, fueron claves para lograr la liberaci\u00f3n de los j\u00f3venes.<\/p>\n<\/blockquote>\n\n\n\n<p>El Mandatario Nacional relat\u00f3 que los 252 venezolanos est\u00e1n siendo apoyados para que vuelvan a resurgir en una Venezuela pr\u00f3spera y soberana.<\/p>\n\n\n\n<h3 class=\"wp-block-heading\"><strong>Nayib Bukele, el nazi payaso que no particip\u00f3 en la negociaci\u00f3n<\/strong><\/h3>\n\n\n\n<p>El presidente venezolano fue categ\u00f3rico al afirmar que su hom\u00f3logo de El Salvador, Nayib Bukele, no tuvo participaci\u00f3n en &nbsp;el rescate de los 252 venezolanos. \u00abNosotros hablamos con el due\u00f1o del circo y nos entendimos con el due\u00f1o del circo, no con el nazi payaso que gobierna El Salvador\u00bb, sentenci\u00f3.<\/p>\n\n\n\n<h3 class=\"wp-block-heading\"><strong>Denuncia violaciones de derechos humanos y campo de exterminio en El Salvador<\/strong><\/h3>\n\n\n\n<p>El jefe de Estado venezolano denunci\u00f3 las terribles condiciones en las que fueron retenidos los venezolanos, entre ellos, el padre de la ni\u00f1a Maikelys Antonella Espinoza Bernal, quien estuvo injustamente en el Centro de detenci\u00f3n de Guant\u00e1namo y, posteriormente, en el Centro de Confinamiento del Terrorismo (CECOT).<\/p>\n\n\n\n<figure class=\"wp-block-image size-large\"><img fetchpriority=\"high\" decoding=\"async\" width=\"1024\" height=\"692\" src=\"https:\/\/prensapresidencialvenezuela.gob.ve\/wp-content\/uploads\/2025\/07\/09_ZC__5658_P-1024x692.jpg\" alt=\"\" class=\"wp-image-21929\" srcset=\"https:\/\/prensapresidencialvenezuela.gob.ve\/wp-content\/uploads\/2025\/07\/09_ZC__5658_P-1024x692.jpg 1024w, https:\/\/prensapresidencialvenezuela.gob.ve\/wp-content\/uploads\/2025\/07\/09_ZC__5658_P-300x203.jpg 300w, https:\/\/prensapresidencialvenezuela.gob.ve\/wp-content\/uploads\/2025\/07\/09_ZC__5658_P-768x519.jpg 768w, https:\/\/prensapresidencialvenezuela.gob.ve\/wp-content\/uploads\/2025\/07\/09_ZC__5658_P-1536x1038.jpg 1536w, https:\/\/prensapresidencialvenezuela.gob.ve\/wp-content\/uploads\/2025\/07\/09_ZC__5658_P-2048x1384.jpg 2048w\" sizes=\"(max-width: 1024px) 100vw, 1024px\" \/><\/figure>\n\n\n\n<p>En este sentido, <strong>acus\u00f3 directamente a las autoridades salvadore\u00f1as de \u00abhumillar, maltratar y violar en toda su integridad f\u00edsica\u00bb<\/strong> a los detenidos, quienes eran \u00abtorturados y golpeados todos los d\u00edas\u00bb. Mencion\u00f3 el uso de gases lacrim\u00f3genos dentro de las celdas como un \u00abdisfrute s\u00e1dico\u00bb y denunci\u00f3 casos de violaci\u00f3n.<\/p>\n\n\n\n<p>El presidente Maduro <strong>calific\u00f3 el lugar donde estuvieron recluidos los venezolanos como un \u00abcampo de exterminio, concentraci\u00f3n y tortura\u00bb<\/strong>. Afirm\u00f3 que miles de salvadore\u00f1os han muerto o salido \u00abmutilados en condici\u00f3n vegetal\u00bb de dicho lugar.<\/p>\n\n\n\n<p><strong>\u00abAhora esto es un esc\u00e1ndalo mundial y yo espero que haya justicia\u00bb<\/strong>, expres\u00f3, prometiendo acompa\u00f1ar a los familiares de los j\u00f3venes para que \u00ablos que los capturaron, los torturaron y le hicieron lo que le hicieron en ese campo de concentraci\u00f3n, paguen ante la justicia\u00bb.<\/p>\n\n\n\n<p><strong>Prensa Presidencial \/ Iliana Rosales<\/strong><\/p>\n\n\n\n<p><\/p>\n","protected":false},"excerpt":{"rendered":"<p>TeleSUR, Caracas.- El presidente de la Rep\u00fablica Bolivariana de Venezuela, Nicol\u00e1s Maduro, responsabiliz\u00f3 este jueves a la oposici\u00f3n extremista del pa\u00eds de ser la responsable directa de las sanciones, el bloqueo econ\u00f3mico, los llamados a una intervenci\u00f3n extranjera y, m\u00e1s recientemente, de haber celebrado el secuestro y la tortura de 252 venezolanos en El Salvador. [&hellip;]<\/p>\n","protected":false},"author":1,"featured_media":21926,"comment_status":"open","ping_status":"open","sticky":false,"template":"","format":"standard","meta":{"footnotes":""},"categories":[18,7],"tags":[1747,19,614,20],"class_list":["post-21924","post","type-post","status-publish","format-standard","has-post-thumbnail","hentry","category-noticias-principales","category-notas-de-prensa","tag-bloqueo","tag-nicolas-maduro","tag-oposicion","tag-venezuela"],"_links":{"self":[{"href":"https:\/\/prensapresidencialvenezuela.gob.ve\/index.php\/wp-json\/wp\/v2\/posts\/21924","targetHints":{"allow":["GET"]}}],"collection":[{"href":"https:\/\/prensapresidencialvenezuela.gob.ve\/index.php\/wp-json\/wp\/v2\/posts"}],"about":[{"href":"https:\/\/prensapresidencialvenezuela.gob.ve\/index.php\/wp-json\/wp\/v2\/types\/post"}],"author":[{"embeddable":true,"href":"https:\/\/prensapresidencialvenezuela.gob.ve\/index.php\/wp-json\/wp\/v2\/users\/1"}],"replies":[{"embeddable":true,"href":"https:\/\/prensapresidencialvenezuela.gob.ve\/index.php\/wp-json\/wp\/v2\/comments?post=21924"}],"version-history":[{"count":6,"href":"https:\/\/prensapresidencialvenezuela.gob.ve\/index.php\/wp-json\/wp\/v2\/posts\/21924\/revisions"}],"predecessor-version":[{"id":22014,"href":"https:\/\/prensapresidencialvenezuela.gob.ve\/index.php\/wp-json\/wp\/v2\/posts\/21924\/revisions\/22014"}],"wp:featuredmedia":[{"embeddable":true,"href":"https:\/\/prensapresidencialvenezuela.gob.ve\/index.php\/wp-json\/wp\/v2\/media\/21926"}],"wp:attachment":[{"href":"https:\/\/prensapresidencialvenezuela.gob.ve\/index.php\/wp-json\/wp\/v2\/media?parent=21924"}],"wp:term":[{"taxonomy":"category","embeddable":true,"href":"https:\/\/prensapresidencialvenezuela.gob.ve\/index.php\/wp-json\/wp\/v2\/categories?post=21924"},{"taxonomy":"post_tag","embeddable":true,"href":"https:\/\/prensapresidencialvenezuela.gob.ve\/index.php\/wp-json\/wp\/v2\/tags?post=21924"}],"curies":[{"name":"wp","href":"https:\/\/api.w.org\/{rel}","templated":true}]}}