{"id":21931,"date":"2025-07-24T23:25:54","date_gmt":"2025-07-25T03:25:54","guid":{"rendered":"https:\/\/prensapresidencialvenezuela.gob.ve\/?p=21931"},"modified":"2025-07-24T23:58:12","modified_gmt":"2025-07-25T03:58:12","slug":"presidente-maduro-entre-venezuela-y-colombia-se-impone-la-paz","status":"publish","type":"post","link":"https:\/\/prensapresidencialvenezuela.gob.ve\/index.php\/2025\/07\/24\/presidente-maduro-entre-venezuela-y-colombia-se-impone-la-paz\/","title":{"rendered":"Acuerdo binacional entre Venezuela y Colombia impone la paz"},"content":{"rendered":"\n<p><strong>TeleSUR, Caracas.-<\/strong> La entrevista especial realizada al presidente de la Rep\u00fablica Bolivariana de Venezuela, Nicol\u00e1s Maduro Moros, por el 20\u00b0 Aniversario de TeleSUR, culmin\u00f3 con la pregunta del corresponsal en Bogot\u00e1, Hern\u00e1n Tovar, en la que le consult\u00f3 sobre la relaci\u00f3n binacional entre Venezuela y Colombia para avanzar en temas econ\u00f3micos, sociales, culturales y de seguridad.<\/p>\n\n\n\n<p>El Jefe de Estado primero abord\u00f3 todos <strong>los beneficios que la empresa Mon\u00f3meros ha generado al pueblo<\/strong> colombiano, luego de haber sido recuperada por Pequiven. \u00a0Seguidamente, explic\u00f3 \u00abnos hemos planteado construir una zona binacional donde haya paz, donde haya integraci\u00f3n comercial, econ\u00f3mica, inversiones\u00bb, dijo. As\u00ed mismo, asever\u00f3 que tambi\u00e9n est\u00e1 <strong>el prop\u00f3sito de acabar con las bandas narcotraficantes que generan tantas muertes en la frontera.<\/strong><\/p>\n\n\n\n<blockquote class=\"wp-block-quote is-layout-flow wp-block-quote-is-layout-flow\">\n<p><strong>Denunci\u00f3 que los promotores de guerra persiguen el conflicto.<\/strong> \u00abSus planes van a quedar mancillados y derrotados. Aqu\u00ed se va a imponer la paz, el pueblo de Colombia, sobre todo el pueblo de la frontera, quiere paz\u00bb, recalc\u00f3.<\/p>\n<\/blockquote>\n\n\n\n<figure class=\"wp-block-image size-large\"><img fetchpriority=\"high\" decoding=\"async\" width=\"1024\" height=\"974\" src=\"https:\/\/prensapresidencialvenezuela.gob.ve\/wp-content\/uploads\/2025\/07\/27_ZC__5984_P-1024x974.jpg\" alt=\"\" class=\"wp-image-21933\" srcset=\"https:\/\/prensapresidencialvenezuela.gob.ve\/wp-content\/uploads\/2025\/07\/27_ZC__5984_P-1024x974.jpg 1024w, https:\/\/prensapresidencialvenezuela.gob.ve\/wp-content\/uploads\/2025\/07\/27_ZC__5984_P-300x285.jpg 300w, https:\/\/prensapresidencialvenezuela.gob.ve\/wp-content\/uploads\/2025\/07\/27_ZC__5984_P-768x731.jpg 768w, https:\/\/prensapresidencialvenezuela.gob.ve\/wp-content\/uploads\/2025\/07\/27_ZC__5984_P-1536x1461.jpg 1536w, https:\/\/prensapresidencialvenezuela.gob.ve\/wp-content\/uploads\/2025\/07\/27_ZC__5984_P-2048x1949.jpg 2048w\" sizes=\"(max-width: 1024px) 100vw, 1024px\" \/><\/figure>\n\n\n\n<blockquote class=\"wp-block-quote is-layout-flow wp-block-quote-is-layout-flow\">\n<p>El encuentro televisivo finaliz\u00f3 con un breve resumen del libro del Presidente Nicol\u00e1s Maduros Moros, en el que explic\u00f3 que sintetiza m\u00e1s de 15 a\u00f1os de experiencia en el \u00e1mbito de la comunicaci\u00f3n y la lucha pol\u00edtica, especialmente frente al impacto de las redes sociales y la manipulaci\u00f3n medi\u00e1tica.<\/p>\n<\/blockquote>\n\n\n\n<p><strong>Prensa Presidencial\/ Claudia Guerra M\u00e9ndez<\/strong><\/p>\n","protected":false},"excerpt":{"rendered":"<p>TeleSUR, Caracas.- La entrevista especial realizada al presidente de la Rep\u00fablica Bolivariana de Venezuela, Nicol\u00e1s Maduro Moros, por el 20\u00b0 Aniversario de TeleSUR, culmin\u00f3 con la pregunta del corresponsal en Bogot\u00e1, Hern\u00e1n Tovar, en la que le consult\u00f3 sobre la relaci\u00f3n binacional entre Venezuela y Colombia para avanzar en temas econ\u00f3micos, sociales, culturales y de [&hellip;]<\/p>\n","protected":false},"author":1,"featured_media":21932,"comment_status":"open","ping_status":"open","sticky":false,"template":"","format":"standard","meta":{"footnotes":""},"categories":[18,7],"tags":[19,20],"class_list":["post-21931","post","type-post","status-publish","format-standard","has-post-thumbnail","hentry","category-noticias-principales","category-notas-de-prensa","tag-nicolas-maduro","tag-venezuela"],"_links":{"self":[{"href":"https:\/\/prensapresidencialvenezuela.gob.ve\/index.php\/wp-json\/wp\/v2\/posts\/21931","targetHints":{"allow":["GET"]}}],"collection":[{"href":"https:\/\/prensapresidencialvenezuela.gob.ve\/index.php\/wp-json\/wp\/v2\/posts"}],"about":[{"href":"https:\/\/prensapresidencialvenezuela.gob.ve\/index.php\/wp-json\/wp\/v2\/types\/post"}],"author":[{"embeddable":true,"href":"https:\/\/prensapresidencialvenezuela.gob.ve\/index.php\/wp-json\/wp\/v2\/users\/1"}],"replies":[{"embeddable":true,"href":"https:\/\/prensapresidencialvenezuela.gob.ve\/index.php\/wp-json\/wp\/v2\/comments?post=21931"}],"version-history":[{"count":2,"href":"https:\/\/prensapresidencialvenezuela.gob.ve\/index.php\/wp-json\/wp\/v2\/posts\/21931\/revisions"}],"predecessor-version":[{"id":21951,"href":"https:\/\/prensapresidencialvenezuela.gob.ve\/index.php\/wp-json\/wp\/v2\/posts\/21931\/revisions\/21951"}],"wp:featuredmedia":[{"embeddable":true,"href":"https:\/\/prensapresidencialvenezuela.gob.ve\/index.php\/wp-json\/wp\/v2\/media\/21932"}],"wp:attachment":[{"href":"https:\/\/prensapresidencialvenezuela.gob.ve\/index.php\/wp-json\/wp\/v2\/media?parent=21931"}],"wp:term":[{"taxonomy":"category","embeddable":true,"href":"https:\/\/prensapresidencialvenezuela.gob.ve\/index.php\/wp-json\/wp\/v2\/categories?post=21931"},{"taxonomy":"post_tag","embeddable":true,"href":"https:\/\/prensapresidencialvenezuela.gob.ve\/index.php\/wp-json\/wp\/v2\/tags?post=21931"}],"curies":[{"name":"wp","href":"https:\/\/api.w.org\/{rel}","templated":true}]}}