{"id":21935,"date":"2025-07-24T23:40:53","date_gmt":"2025-07-25T03:40:53","guid":{"rendered":"https:\/\/prensapresidencialvenezuela.gob.ve\/?p=21935"},"modified":"2025-07-25T14:14:10","modified_gmt":"2025-07-25T18:14:10","slug":"libro-presidencial-calle-redes-medios-paredes-y-radio-bemba-tendra-su-lanzamiento-este-30-de-julio","status":"publish","type":"post","link":"https:\/\/prensapresidencialvenezuela.gob.ve\/index.php\/2025\/07\/24\/libro-presidencial-calle-redes-medios-paredes-y-radio-bemba-tendra-su-lanzamiento-este-30-de-julio\/","title":{"rendered":"Libro presidencial \u00abCalle, Redes, Medios, Paredes y Radio Bemba\u00bb tendr\u00e1 su lanzamiento este 30 de julio"},"content":{"rendered":"\n<p><strong>TeleSUR, Caracas<\/strong>.- El presidente de la Rep\u00fablicas Bolivariana de Venezuela, Nicol\u00e1s Maduro, anunci\u00f3 este jueves la pr\u00f3xima publicaci\u00f3n de su libro \u00ab<strong>Calle, Redes, Medios, Paredes y Radio Bemba<\/strong>\u00ab, cuyo lanzamiento est\u00e1 previsto para el 30 de julio.<\/p>\n\n\n\n<p>La obra, seg\u00fan explic\u00f3 el Mandatario Nacional en una entrevista especial para el canal de TeleSUR, sintetiza m\u00e1s de <strong>15 a\u00f1os de experiencia en el \u00e1mbito de la comunicaci\u00f3n y la lucha pol\u00edtica<\/strong>, especialmente, frente al impacto de las redes sociales y la manipulaci\u00f3n medi\u00e1tica.<\/p>\n\n\n\n<blockquote class=\"wp-block-quote is-layout-flow wp-block-quote-is-layout-flow\">\n<p>Igualmente, destac\u00f3 que el libro aborda c\u00f3mo las din\u00e1micas de los golpes de Estado han evolucionado desde el \u00abgolpe eminentemente televisivo y medi\u00e1tico\u00bb contra el Comandante Eterno Ch\u00e1vez en 2002, hasta las actuales <strong>estrategias de desestabilizaci\u00f3n que se propagan y legitiman a trav\u00e9s de las redes sociales.<\/strong><\/p>\n<\/blockquote>\n\n\n\n<p>Finalmente, explic\u00f3 que el texto propone un <strong>m\u00e9todo para defender la independencia, la paz de los pueblos y las revoluciones acosadas<\/strong>, estructurado en una secuencia de acci\u00f3n comunicacional: \u00abDe las calles del pueblo a las redes, de las redes a los medios, de los medios a las paredes y de ah\u00ed a la radiobemba\u00bb. <\/p>\n\n\n\n<p>Aclar\u00f3 que \u00abradiobemba\u00bb se refiere al tradicional boca a boca o boca-oreja, una forma de comunicaci\u00f3n popular y directa.<\/p>\n\n\n\n<p><strong>Prensa Presidencial \/ Iliana Rosales<\/strong><\/p>\n\n\n\n<p><\/p>\n","protected":false},"excerpt":{"rendered":"<p>TeleSUR, Caracas.- El presidente de la Rep\u00fablicas Bolivariana de Venezuela, Nicol\u00e1s Maduro, anunci\u00f3 este jueves la pr\u00f3xima publicaci\u00f3n de su libro \u00abCalle, Redes, Medios, Paredes y Radio Bemba\u00ab, cuyo lanzamiento est\u00e1 previsto para el 30 de julio. La obra, seg\u00fan explic\u00f3 el Mandatario Nacional en una entrevista especial para el canal de TeleSUR, sintetiza m\u00e1s [&hellip;]<\/p>\n","protected":false},"author":14,"featured_media":21943,"comment_status":"open","ping_status":"open","sticky":false,"template":"","format":"standard","meta":{"footnotes":""},"categories":[18,7],"tags":[546,617,655,19,719,20],"class_list":["post-21935","post","type-post","status-publish","format-standard","has-post-thumbnail","hentry","category-noticias-principales","category-notas-de-prensa","tag-calle","tag-libro","tag-medios","tag-nicolas-maduro","tag-redes","tag-venezuela"],"_links":{"self":[{"href":"https:\/\/prensapresidencialvenezuela.gob.ve\/index.php\/wp-json\/wp\/v2\/posts\/21935","targetHints":{"allow":["GET"]}}],"collection":[{"href":"https:\/\/prensapresidencialvenezuela.gob.ve\/index.php\/wp-json\/wp\/v2\/posts"}],"about":[{"href":"https:\/\/prensapresidencialvenezuela.gob.ve\/index.php\/wp-json\/wp\/v2\/types\/post"}],"author":[{"embeddable":true,"href":"https:\/\/prensapresidencialvenezuela.gob.ve\/index.php\/wp-json\/wp\/v2\/users\/14"}],"replies":[{"embeddable":true,"href":"https:\/\/prensapresidencialvenezuela.gob.ve\/index.php\/wp-json\/wp\/v2\/comments?post=21935"}],"version-history":[{"count":4,"href":"https:\/\/prensapresidencialvenezuela.gob.ve\/index.php\/wp-json\/wp\/v2\/posts\/21935\/revisions"}],"predecessor-version":[{"id":22007,"href":"https:\/\/prensapresidencialvenezuela.gob.ve\/index.php\/wp-json\/wp\/v2\/posts\/21935\/revisions\/22007"}],"wp:featuredmedia":[{"embeddable":true,"href":"https:\/\/prensapresidencialvenezuela.gob.ve\/index.php\/wp-json\/wp\/v2\/media\/21943"}],"wp:attachment":[{"href":"https:\/\/prensapresidencialvenezuela.gob.ve\/index.php\/wp-json\/wp\/v2\/media?parent=21935"}],"wp:term":[{"taxonomy":"category","embeddable":true,"href":"https:\/\/prensapresidencialvenezuela.gob.ve\/index.php\/wp-json\/wp\/v2\/categories?post=21935"},{"taxonomy":"post_tag","embeddable":true,"href":"https:\/\/prensapresidencialvenezuela.gob.ve\/index.php\/wp-json\/wp\/v2\/tags?post=21935"}],"curies":[{"name":"wp","href":"https:\/\/api.w.org\/{rel}","templated":true}]}}