{"id":21944,"date":"2025-07-24T23:48:38","date_gmt":"2025-07-25T03:48:38","guid":{"rendered":"https:\/\/prensapresidencialvenezuela.gob.ve\/?p=21944"},"modified":"2025-07-25T12:47:53","modified_gmt":"2025-07-25T16:47:53","slug":"democracia-participativa-se-consolidara-en-los-comicios-electorales-del-27j","status":"publish","type":"post","link":"https:\/\/prensapresidencialvenezuela.gob.ve\/index.php\/2025\/07\/24\/democracia-participativa-se-consolidara-en-los-comicios-electorales-del-27j\/","title":{"rendered":"Democracia participativa se consolidar\u00e1 en los comicios electorales del #27J"},"content":{"rendered":"\n<p><strong>TeleSUR, Caracas.-<\/strong> Durante una entrevista especial para el canal TeleSUR, como parte del 20\u00b0 aniversario de esta multiplataforma, el presidente de la Rep\u00fablica Bolivariana de Venezuela, Nicol\u00e1s Maduro, expres\u00f3 su deseo de que los resultados de las pr\u00f3ximas elecciones municipales reflejen una diversidad pol\u00edtica, incluso si el Gran Polo Patri\u00f3tico Sim\u00f3n Bol\u00edvar (GPPSB) <strong>aspira a una victoria contundente<\/strong>.<\/p>\n\n\n\n<p>El mandatario hizo hincapi\u00e9 en la importancia de la renovaci\u00f3n en la oposici\u00f3n y manifest\u00f3 su esperanza de que obtengan alcald\u00edas para demostrar su liderazgo. No obstante, aclar\u00f3 que no le corresponde a \u00e9l llamar a votar por ellos, sino a los propios partidos opositores.<\/p>\n\n\n\n<blockquote class=\"wp-block-quote is-layout-flow wp-block-quote-is-layout-flow\">\n<p>En este mismo contexto, fue enf\u00e1tico al diferenciar a los posibles nuevos liderazgos de la oposici\u00f3n de los \u00abviejos carcamanes, los viejos diablos y las viejas diablas\u00bb que, a su juicio, llevan 26 a\u00f1os de fracasos y derrotas. \u00abOjal\u00e1 saquen sus alcaldes, sus alcaldesas y demuestren que ellos tienen liderazgo\u00bb, arguy\u00f3.<\/p>\n<\/blockquote>\n\n\n\n<p>El presidente hizo un llamado a pintar el mapa electoral \u00abmulticolor\u00bb, aunque con una mayor\u00eda rojo rojito.<\/p>\n\n\n\n<h2 class=\"wp-block-heading\"><strong>Amplia participaci\u00f3n de aspirantes<\/strong><\/h2>\n\n\n\n<p>Destac\u00f3 la participaci\u00f3n de miles de candidatos y la inscripci\u00f3n de 54 partidos pol\u00edticos nacionales y m\u00e1s de 20 regionales, lo que demuestra la vitalidad del modelo constitucional y democr\u00e1tico venezolano.<\/p>\n\n\n\n<p><strong>El Mandatario Nacional repas\u00f3 el historial electoral de la Revoluci\u00f3n<\/strong>, mencionando las 18 elecciones bajo el liderazgo del comandante Ch\u00e1vez (con 17 victorias) y las 14 elecciones que le ha tocado dirigir a \u00e9l (con 13 victorias). Reconoci\u00f3 las derrotas en el refer\u00e9ndum constitucional de 2007 y en las elecciones parlamentarias de 2015. Estas \u00faltimas, llevaron al pa\u00eds a un camino de conspiraciones, sanciones y bloqueos.<\/p>\n\n\n\n<p><strong>Los pr\u00f3ximos comicios municipales<\/strong> ser\u00e1n la contienda n\u00famero 33 en la historia de la Revoluci\u00f3n y el presidente aspira que sea la victoria n\u00famero 31. En ellas, adem\u00e1s de elegir alcaldes y concejales, incluir\u00e1n por primera vez la consulta de proyectos comunales para la juventud.<\/p>\n\n\n\n<blockquote class=\"wp-block-quote is-layout-flow wp-block-quote-is-layout-flow\">\n<p>\u00abEl domingo va a ser un d\u00eda de fiesta, un d\u00eda de paz y va a consolidar este proceso de acumulaci\u00f3n de fuerza que nos ha llevado a constituir en Venezuela (&#8230;) un verdadero bloque hist\u00f3rico mayoritario del pueblo\u00bb, concluy\u00f3 el Presidente e invit\u00f3 a la ciudadan\u00eda a apoyar a los j\u00f3venes en sus iniciativas.<\/p>\n<\/blockquote>\n\n\n\n<p><strong>Prensa Presidencial \/ Iliana Rosales<\/strong><\/p>\n\n\n\n<p><\/p>\n","protected":false},"excerpt":{"rendered":"<p>TeleSUR, Caracas.- Durante una entrevista especial para el canal TeleSUR, como parte del 20\u00b0 aniversario de esta multiplataforma, el presidente de la Rep\u00fablica Bolivariana de Venezuela, Nicol\u00e1s Maduro, expres\u00f3 su deseo de que los resultados de las pr\u00f3ximas elecciones municipales reflejen una diversidad pol\u00edtica, incluso si el Gran Polo Patri\u00f3tico Sim\u00f3n Bol\u00edvar (GPPSB) aspira a [&hellip;]<\/p>\n","protected":false},"author":1,"featured_media":21945,"comment_status":"open","ping_status":"open","sticky":false,"template":"","format":"standard","meta":{"footnotes":""},"categories":[18,7],"tags":[1748,19,20],"class_list":["post-21944","post","type-post","status-publish","format-standard","has-post-thumbnail","hentry","category-noticias-principales","category-notas-de-prensa","tag-elecciones-municipales","tag-nicolas-maduro","tag-venezuela"],"_links":{"self":[{"href":"https:\/\/prensapresidencialvenezuela.gob.ve\/index.php\/wp-json\/wp\/v2\/posts\/21944","targetHints":{"allow":["GET"]}}],"collection":[{"href":"https:\/\/prensapresidencialvenezuela.gob.ve\/index.php\/wp-json\/wp\/v2\/posts"}],"about":[{"href":"https:\/\/prensapresidencialvenezuela.gob.ve\/index.php\/wp-json\/wp\/v2\/types\/post"}],"author":[{"embeddable":true,"href":"https:\/\/prensapresidencialvenezuela.gob.ve\/index.php\/wp-json\/wp\/v2\/users\/1"}],"replies":[{"embeddable":true,"href":"https:\/\/prensapresidencialvenezuela.gob.ve\/index.php\/wp-json\/wp\/v2\/comments?post=21944"}],"version-history":[{"count":3,"href":"https:\/\/prensapresidencialvenezuela.gob.ve\/index.php\/wp-json\/wp\/v2\/posts\/21944\/revisions"}],"predecessor-version":[{"id":21957,"href":"https:\/\/prensapresidencialvenezuela.gob.ve\/index.php\/wp-json\/wp\/v2\/posts\/21944\/revisions\/21957"}],"wp:featuredmedia":[{"embeddable":true,"href":"https:\/\/prensapresidencialvenezuela.gob.ve\/index.php\/wp-json\/wp\/v2\/media\/21945"}],"wp:attachment":[{"href":"https:\/\/prensapresidencialvenezuela.gob.ve\/index.php\/wp-json\/wp\/v2\/media?parent=21944"}],"wp:term":[{"taxonomy":"category","embeddable":true,"href":"https:\/\/prensapresidencialvenezuela.gob.ve\/index.php\/wp-json\/wp\/v2\/categories?post=21944"},{"taxonomy":"post_tag","embeddable":true,"href":"https:\/\/prensapresidencialvenezuela.gob.ve\/index.php\/wp-json\/wp\/v2\/tags?post=21944"}],"curies":[{"name":"wp","href":"https:\/\/api.w.org\/{rel}","templated":true}]}}