{"id":2195,"date":"2022-06-04T14:55:00","date_gmt":"2022-06-04T14:55:00","guid":{"rendered":"http:\/\/172.27.0.121\/?p=2195"},"modified":"2022-07-13T14:56:41","modified_gmt":"2022-07-13T14:56:41","slug":"conflicto-con-ucrania-acelero-un-reagrupamiento-de-fuerzas","status":"publish","type":"post","link":"https:\/\/prensapresidencialvenezuela.gob.ve\/index.php\/2022\/06\/04\/conflicto-con-ucrania-acelero-un-reagrupamiento-de-fuerzas\/","title":{"rendered":"Conflicto con Ucrania aceler\u00f3 un reagrupamiento de fuerzas"},"content":{"rendered":"\n<p><strong>Palacio de Miraflores, Caracas.- <\/strong>El conflicto entre Rusia y Ucrania aceler\u00f3 un reagrupamiento de \u201csituaciones y fuerzas que ya empiezan a verse\u201d, lo que confirma que el mundo est\u00e1 entrando a una nueva edad geopol\u00edtica.<\/p>\n\n\n\n<p>La afirmaci\u00f3n corresponde al presidente de la Rep\u00fablica, Nicol\u00e1s Maduro, quien recalc\u00f3 que \u201cestamos viendo el desarrollo geopol\u00edtico hacia otra direcci\u00f3n m\u00e1s favorable a los pueblos\u201d, basada en mecanismos de intercambio comercial que se sobrepongan a la hegemon\u00eda del d\u00f3lar.<\/p>\n\n\n\n<p>\u201cLa hegemon\u00eda del d\u00f3lar ir\u00e1 declinando y el intercambio monetario y comercial del mundo ser\u00e1 ocupado por otras monedas, otras criptomonedas y dar\u00e1 un nuevo rostro a la vida econ\u00f3mica de la humanidad\u201d, puntualiz\u00f3.<\/p>\n\n\n\n<p>En entrevista concedida en el programa Di\u00e1logo Internacional, moderado por el soci\u00f3logo argentino Atilio Bor\u00f3n, se\u00f1al\u00f3 que Estados Unidos (EE.UU.) pretend\u00eda aplastar a Rusia con la imposici\u00f3n de sanciones \u201cy ha sucedido todo lo contrario\u201d, dado que las restricciones derivaron en el incremento de la inflaci\u00f3n, as\u00ed como en los precios de alimentos y derivados del petr\u00f3leo.<\/p>\n\n\n\n<p>\u201cLo que sucedi\u00f3 es lo que Washington y Bruselas no esperaban: que las amenazas contra el presidente (Vladimir) Putin y Rusia se les regresaran y se convirtiera en la m\u00e1s espantosa inflaci\u00f3n que han tenido en los \u00faltimos 40 a\u00f1os\u201d, indic\u00f3.<\/p>\n\n\n\n<p>En este sentido, alert\u00f3 que las recientes sanciones econ\u00f3micas contra el petr\u00f3leo y sus derivados adoptada por la Uni\u00f3n Europea (UE) contra Rusia, podr\u00edan desencadenar el aumento del barril de crudo a 150 d\u00f3lares.<\/p>\n\n\n\n<p>\u201cAhora est\u00e1 en 120 d\u00f3lares con las restricciones que China tom\u00f3 por el Coronavirus, apenas China abra completamente las medidas sanitarias y la actividad industrial, econ\u00f3mica arranque al 100% el petr\u00f3leo pudiera dispararse hasta llegar a 150 d\u00f3lares\u201d, agreg\u00f3.<\/p>\n\n\n\n<p>Explic\u00f3 que \u201ctodos estamos siendo afectados por el disparo de los precios del alimento\u201d, raz\u00f3n por la cual consider\u00f3 contradictorio que aun cuando \u201ctienen expertos en esta materia no les hayan alertado lo que iba a ocurrir\u201d.<\/p>\n\n\n\n<p>El Dignatario enfatiz\u00f3 que \u201cen la mente de quienes dirigen Bruselas y Washington hay odio, rusofobia\u201d.<\/p>\n\n\n\n<p><strong>Venezuela a la vanguardia<\/strong><\/p>\n\n\n\n<p>Al reiterar que \u201cestamos entrando a una nueva edad geopol\u00edtica\u201d, el jefe de Estado afirm\u00f3 que Venezuela se ha preparado mediante la implementaci\u00f3n de una canasta de monedas y criptomonedas para el comercio interno y externo.<\/p>\n\n\n\n<p>\u201cNosotros por igual vendemos y cobramos en cualquier criptomoneda del mundo o en d\u00f3lares, euros, rublos, yuanes en el comercio nacional e internacional\u201d, agreg\u00f3.<\/p>\n\n\n\n<p><strong>Prensa Presidencial\/Karelis Gonz\u00e1lez<\/strong><\/p>\n\n\n\n<p><a rel=\"noreferrer noopener\" href=\"http:\/\/www.minci.gob.ve\/conflicto-con-ucrania-acelero-un-reagrupamiento-de-fuerzas\/#\" target=\"_blank\"><\/a><\/p>\n\n\n\n<p><a rel=\"noreferrer noopener\" href=\"https:\/\/plus.google.com\/share?url=http:\/\/www.minci.gob.ve\/conflicto-con-ucrania-acelero-un-reagrupamiento-de-fuerzas\/\" target=\"_blank\"><\/a><\/p>\n\n\n\n<p><a href=\"whatsapp:\/\/send?text=Conflicto%20con%20Ucrania%20aceler\u00f3%20un%20reagrupamiento%20de%20fuerzas%20http%3A%2F%2Fwww.minci.gob.ve%2F%3Fp%3D432959\"><\/a><\/p>\n\n\n\n<p><a rel=\"noreferrer noopener\" href=\"\/\/msg?text=Conflicto%20con%20Ucrania%20aceler\u00f3%20un%20reagrupamiento%20de%20fuerzas%20http%3A%2F%2Fwww.minci.gob.ve%2F%3Fp%3D432959\" target=\"_blank\"><\/a><\/p>\n\n\n\n<p><a rel=\"noreferrer noopener\" href=\"sms:&amp;body=Conflicto%20con%20Ucrania%20aceler\u00f3%20un%20reagrupamiento%20de%20fuerzas%20http%3A%2F%2Fwww.minci.gob.ve%2F%3Fp%3D432959\" target=\"_blank\"><\/a><\/p>\n\n\n\n<p><a rel=\"noreferrer noopener\" href=\"http:\/\/compose.mail.yahoo.com\/?body=http:\/\/www.minci.gob.ve\/conflicto-con-ucrania-acelero-un-reagrupamiento-de-fuerzas\/\" target=\"_blank\"><\/a><\/p>\n\n\n\n<p><a rel=\"noreferrer noopener\" href=\"https:\/\/mail.google.com\/mail\/u\/0\/?view=cm&amp;fs=1&amp;su=Conflicto+con+Ucrania+aceler%C3%B3+un+reagrupamiento+de+fuerzas&amp;body=http:\/\/www.minci.gob.ve\/conflicto-con-ucrania-acelero-un-reagrupamiento-de-fuerzas\/&amp;ui=2&amp;tf=1\" target=\"_blank\"><\/a><\/p>\n","protected":false},"excerpt":{"rendered":"<p>Palacio de Miraflores, Caracas.- El conflicto entre Rusia y Ucrania aceler\u00f3 un reagrupamiento de \u201csituaciones y fuerzas que ya empiezan a verse\u201d, lo que confirma que el mundo est\u00e1 entrando a una nueva edad geopol\u00edtica. La afirmaci\u00f3n corresponde al presidente de la Rep\u00fablica, Nicol\u00e1s Maduro, quien recalc\u00f3 que \u201cestamos viendo el desarrollo geopol\u00edtico hacia otra [&hellip;]<\/p>\n","protected":false},"author":6,"featured_media":2196,"comment_status":"open","ping_status":"open","sticky":false,"template":"","format":"standard","meta":{"footnotes":""},"categories":[7],"tags":[],"class_list":["post-2195","post","type-post","status-publish","format-standard","has-post-thumbnail","hentry","category-notas-de-prensa"],"_links":{"self":[{"href":"https:\/\/prensapresidencialvenezuela.gob.ve\/index.php\/wp-json\/wp\/v2\/posts\/2195","targetHints":{"allow":["GET"]}}],"collection":[{"href":"https:\/\/prensapresidencialvenezuela.gob.ve\/index.php\/wp-json\/wp\/v2\/posts"}],"about":[{"href":"https:\/\/prensapresidencialvenezuela.gob.ve\/index.php\/wp-json\/wp\/v2\/types\/post"}],"author":[{"embeddable":true,"href":"https:\/\/prensapresidencialvenezuela.gob.ve\/index.php\/wp-json\/wp\/v2\/users\/6"}],"replies":[{"embeddable":true,"href":"https:\/\/prensapresidencialvenezuela.gob.ve\/index.php\/wp-json\/wp\/v2\/comments?post=2195"}],"version-history":[{"count":1,"href":"https:\/\/prensapresidencialvenezuela.gob.ve\/index.php\/wp-json\/wp\/v2\/posts\/2195\/revisions"}],"predecessor-version":[{"id":2197,"href":"https:\/\/prensapresidencialvenezuela.gob.ve\/index.php\/wp-json\/wp\/v2\/posts\/2195\/revisions\/2197"}],"wp:featuredmedia":[{"embeddable":true,"href":"https:\/\/prensapresidencialvenezuela.gob.ve\/index.php\/wp-json\/wp\/v2\/media\/2196"}],"wp:attachment":[{"href":"https:\/\/prensapresidencialvenezuela.gob.ve\/index.php\/wp-json\/wp\/v2\/media?parent=2195"}],"wp:term":[{"taxonomy":"category","embeddable":true,"href":"https:\/\/prensapresidencialvenezuela.gob.ve\/index.php\/wp-json\/wp\/v2\/categories?post=2195"},{"taxonomy":"post_tag","embeddable":true,"href":"https:\/\/prensapresidencialvenezuela.gob.ve\/index.php\/wp-json\/wp\/v2\/tags?post=2195"}],"curies":[{"name":"wp","href":"https:\/\/api.w.org\/{rel}","templated":true}]}}