{"id":2198,"date":"2022-06-04T14:56:00","date_gmt":"2022-06-04T14:56:00","guid":{"rendered":"http:\/\/172.27.0.121\/?p=2198"},"modified":"2022-07-13T14:57:59","modified_gmt":"2022-07-13T14:57:59","slug":"venezuela-apunta-a-una-economia-circular-con-nuevos-factores-de-desarrollo-y-riqueza","status":"publish","type":"post","link":"https:\/\/prensapresidencialvenezuela.gob.ve\/index.php\/2022\/06\/04\/venezuela-apunta-a-una-economia-circular-con-nuevos-factores-de-desarrollo-y-riqueza\/","title":{"rendered":"Venezuela apunta a una econom\u00eda circular con nuevos factores de desarrollo y riqueza"},"content":{"rendered":"\n<p><strong>Palacio de Miraflores, Caracas.- <\/strong>Al recalcar que \u201cel capitalismo rentista petrolero se agot\u00f3\u201d, el presidente de la Rep\u00fablica, Nicol\u00e1s Maduro, enfatiz\u00f3 que Venezuela avanza en la construcci\u00f3n de una econom\u00eda circular con nuevos factores de desarrollo y creaci\u00f3n de riquezas.<\/p>\n\n\n\n<p>\u201cEs una meta a mediano plazo que est\u00e1 en pleno desarrollo. Producir todos nuestros alimentos, hacer la sustituci\u00f3n cient\u00edfica, tecnol\u00f3gica de todas las importaciones, generar con conocimiento nueva tecnolog\u00eda, tener procesos industriales buenos y poderosos\u201d, puntualiz\u00f3 en entrevista concedida en el programa <em>Di\u00e1logo Internacional<\/em>, moderado por el soci\u00f3logo argentino Atilio Bor\u00f3n.<\/p>\n\n\n\n<p>Detall\u00f3 que si bien \u201cel peso del petr\u00f3leo y el gas en el Producto Interno Bruto seguir\u00e1 siendo grande\u201d, la estrategia econ\u00f3mica y productiva est\u00e1n orientadas a \u201csuperar plena y definitivamente la dependencia de la renta petrolera\u201d.<\/p>\n\n\n\n<p>En este sentido, destac\u00f3 que la econom\u00eda productiva posrentista est\u00e1 caracterizada por la participaci\u00f3n del sector privado que \u201cest\u00e1 incorporado en el Plan Nacional de Desarrollo\u201d.<\/p>\n\n\n\n<p>\u201cLas sanciones nos obligaron a autoexigirnos m\u00e1s. Nosotros hemos logrado todo en base al esfuerzo propio, lo cual le dice a los pueblos del mundo que si es posible resistir y triunfar ante el imperio m\u00e1s poderoso y destructivo del planeta\u201d, subray\u00f3.<\/p>\n\n\n\n<p><strong>Prensa Presidencial\/Karelis Gonz\u00e1lez<\/strong><\/p>\n","protected":false},"excerpt":{"rendered":"<p>Palacio de Miraflores, Caracas.- Al recalcar que \u201cel capitalismo rentista petrolero se agot\u00f3\u201d, el presidente de la Rep\u00fablica, Nicol\u00e1s Maduro, enfatiz\u00f3 que Venezuela avanza en la construcci\u00f3n de una econom\u00eda circular con nuevos factores de desarrollo y creaci\u00f3n de riquezas. \u201cEs una meta a mediano plazo que est\u00e1 en pleno desarrollo. Producir todos nuestros alimentos, [&hellip;]<\/p>\n","protected":false},"author":6,"featured_media":2199,"comment_status":"open","ping_status":"open","sticky":false,"template":"","format":"standard","meta":{"footnotes":""},"categories":[7],"tags":[],"class_list":["post-2198","post","type-post","status-publish","format-standard","has-post-thumbnail","hentry","category-notas-de-prensa"],"_links":{"self":[{"href":"https:\/\/prensapresidencialvenezuela.gob.ve\/index.php\/wp-json\/wp\/v2\/posts\/2198","targetHints":{"allow":["GET"]}}],"collection":[{"href":"https:\/\/prensapresidencialvenezuela.gob.ve\/index.php\/wp-json\/wp\/v2\/posts"}],"about":[{"href":"https:\/\/prensapresidencialvenezuela.gob.ve\/index.php\/wp-json\/wp\/v2\/types\/post"}],"author":[{"embeddable":true,"href":"https:\/\/prensapresidencialvenezuela.gob.ve\/index.php\/wp-json\/wp\/v2\/users\/6"}],"replies":[{"embeddable":true,"href":"https:\/\/prensapresidencialvenezuela.gob.ve\/index.php\/wp-json\/wp\/v2\/comments?post=2198"}],"version-history":[{"count":1,"href":"https:\/\/prensapresidencialvenezuela.gob.ve\/index.php\/wp-json\/wp\/v2\/posts\/2198\/revisions"}],"predecessor-version":[{"id":2200,"href":"https:\/\/prensapresidencialvenezuela.gob.ve\/index.php\/wp-json\/wp\/v2\/posts\/2198\/revisions\/2200"}],"wp:featuredmedia":[{"embeddable":true,"href":"https:\/\/prensapresidencialvenezuela.gob.ve\/index.php\/wp-json\/wp\/v2\/media\/2199"}],"wp:attachment":[{"href":"https:\/\/prensapresidencialvenezuela.gob.ve\/index.php\/wp-json\/wp\/v2\/media?parent=2198"}],"wp:term":[{"taxonomy":"category","embeddable":true,"href":"https:\/\/prensapresidencialvenezuela.gob.ve\/index.php\/wp-json\/wp\/v2\/categories?post=2198"},{"taxonomy":"post_tag","embeddable":true,"href":"https:\/\/prensapresidencialvenezuela.gob.ve\/index.php\/wp-json\/wp\/v2\/tags?post=2198"}],"curies":[{"name":"wp","href":"https:\/\/api.w.org\/{rel}","templated":true}]}}