{"id":2201,"date":"2022-06-04T14:58:00","date_gmt":"2022-06-04T14:58:00","guid":{"rendered":"http:\/\/172.27.0.121\/?p=2201"},"modified":"2022-07-13T14:59:25","modified_gmt":"2022-07-13T14:59:25","slug":"alianzas-china-venezuela-son-estrategicas-estrechas-y-de-poder","status":"publish","type":"post","link":"https:\/\/prensapresidencialvenezuela.gob.ve\/index.php\/2022\/06\/04\/alianzas-china-venezuela-son-estrategicas-estrechas-y-de-poder\/","title":{"rendered":"Alianzas China \u2013 Venezuela son estrat\u00e9gicas, estrechas y de poder"},"content":{"rendered":"\n<p><strong>Palacio de Miraflores, Caracas.- <\/strong>Como \u201cestrecha y poderosa\u201d calific\u00f3 el presidente de la Rep\u00fablica, Nicol\u00e1s Maduro, la alianza entre China y Venezuela, expresada a trav\u00e9s de la cooperaci\u00f3n estrat\u00e9gica en \u00e1reas de desarrollo conjunto, as\u00ed como en organismos multilaterales.<\/p>\n\n\n\n<p>En entrevista concedida al programa <em>Di\u00e1logo Internacional<\/em>, moderado por el soci\u00f3logo argentino Atilio Bor\u00f3n, enfatiz\u00f3 que las relaciones de amistad con su hom\u00f3logo de China, Xi Jinping, son excelentes gracias a una permanente comunicaci\u00f3n para abordar temas de inter\u00e9s com\u00fan.<\/p>\n\n\n\n<p>Al se\u00f1alar que \u201cnuestro Comandante Hugo Ch\u00e1vez supo muy temprano abrir un camino que hoy est\u00e1 consolidado\u201d, destac\u00f3 que los v\u00ednculos bilaterales no solo se concentran en el \u00e1rea de industria, ciencia, tecnolog\u00eda y comercio, sino tambi\u00e9n en diplomacia y pol\u00edtica, esta \u00faltima con coincidencias al 100% en la defensa de las grandes causas en el sistema multilateral.<\/p>\n\n\n\n<p>Igualmente, el jefe de Estado reivindic\u00f3 el rol fundamental ejercido por China en el combate de la pandemia por COVID-19 en Venezuela, donde \u201cestuvo en la primera l\u00ednea\u201d a trav\u00e9s del env\u00edo de insumos m\u00e9dicos, antivirales y medicinas para atender casos de gravedad.<\/p>\n\n\n\n<p>\u201cSi no hubiera sido por China hubiera sido imposible enfrentar la pandemia. Estados Unidos llam\u00f3 a todas las empresas que estaban produciendo vacunas en el mundo, las amenaz\u00f3 si vend\u00edan vacunas a Venezuela y China firme\u201d, agreg\u00f3.<\/p>\n\n\n\n<p><strong>Prensa Presidencial\/Karelis Gonz\u00e1lez<\/strong><\/p>\n","protected":false},"excerpt":{"rendered":"<p>Palacio de Miraflores, Caracas.- Como \u201cestrecha y poderosa\u201d calific\u00f3 el presidente de la Rep\u00fablica, Nicol\u00e1s Maduro, la alianza entre China y Venezuela, expresada a trav\u00e9s de la cooperaci\u00f3n estrat\u00e9gica en \u00e1reas de desarrollo conjunto, as\u00ed como en organismos multilaterales. En entrevista concedida al programa Di\u00e1logo Internacional, moderado por el soci\u00f3logo argentino Atilio Bor\u00f3n, enfatiz\u00f3 que [&hellip;]<\/p>\n","protected":false},"author":6,"featured_media":2202,"comment_status":"open","ping_status":"open","sticky":false,"template":"","format":"standard","meta":{"footnotes":""},"categories":[7],"tags":[],"class_list":["post-2201","post","type-post","status-publish","format-standard","has-post-thumbnail","hentry","category-notas-de-prensa"],"_links":{"self":[{"href":"https:\/\/prensapresidencialvenezuela.gob.ve\/index.php\/wp-json\/wp\/v2\/posts\/2201","targetHints":{"allow":["GET"]}}],"collection":[{"href":"https:\/\/prensapresidencialvenezuela.gob.ve\/index.php\/wp-json\/wp\/v2\/posts"}],"about":[{"href":"https:\/\/prensapresidencialvenezuela.gob.ve\/index.php\/wp-json\/wp\/v2\/types\/post"}],"author":[{"embeddable":true,"href":"https:\/\/prensapresidencialvenezuela.gob.ve\/index.php\/wp-json\/wp\/v2\/users\/6"}],"replies":[{"embeddable":true,"href":"https:\/\/prensapresidencialvenezuela.gob.ve\/index.php\/wp-json\/wp\/v2\/comments?post=2201"}],"version-history":[{"count":1,"href":"https:\/\/prensapresidencialvenezuela.gob.ve\/index.php\/wp-json\/wp\/v2\/posts\/2201\/revisions"}],"predecessor-version":[{"id":2203,"href":"https:\/\/prensapresidencialvenezuela.gob.ve\/index.php\/wp-json\/wp\/v2\/posts\/2201\/revisions\/2203"}],"wp:featuredmedia":[{"embeddable":true,"href":"https:\/\/prensapresidencialvenezuela.gob.ve\/index.php\/wp-json\/wp\/v2\/media\/2202"}],"wp:attachment":[{"href":"https:\/\/prensapresidencialvenezuela.gob.ve\/index.php\/wp-json\/wp\/v2\/media?parent=2201"}],"wp:term":[{"taxonomy":"category","embeddable":true,"href":"https:\/\/prensapresidencialvenezuela.gob.ve\/index.php\/wp-json\/wp\/v2\/categories?post=2201"},{"taxonomy":"post_tag","embeddable":true,"href":"https:\/\/prensapresidencialvenezuela.gob.ve\/index.php\/wp-json\/wp\/v2\/tags?post=2201"}],"curies":[{"name":"wp","href":"https:\/\/api.w.org\/{rel}","templated":true}]}}