{"id":22037,"date":"2025-07-27T15:52:07","date_gmt":"2025-07-27T19:52:07","guid":{"rendered":"https:\/\/prensapresidencialvenezuela.gob.ve\/?p=22037"},"modified":"2025-07-27T16:23:05","modified_gmt":"2025-07-27T20:23:05","slug":"convocado-consejo-federal-para-impulsar-proyectos-comunitarios-y-aca","status":"publish","type":"post","link":"https:\/\/prensapresidencialvenezuela.gob.ve\/index.php\/2025\/07\/27\/convocado-consejo-federal-para-impulsar-proyectos-comunitarios-y-aca\/","title":{"rendered":"Convocado Consejo Federal para impulsar proyectos comunitarios y ACA"},"content":{"rendered":"\n<p><strong>Fuerte Tiuna, Caracas.- <\/strong>Tras ejercer su derecho al voto en las Elecciones Municipales 2025, el presidente de la Rep\u00fablica Bolivariana de Venezuela, Nicol\u00e1s Maduro, anunci\u00f3 la convocatoria a un <strong>Consejo Federal de Gobierno<\/strong> que reunir\u00e1 a los <strong>335 alcaldes y alcaldesa<\/strong>s que ser\u00e1n electos en esta jornada comicial, y a los <strong>24 gobernadores y gobernadoras<\/strong>.<\/p>\n\n\n\n<p>Desde la <strong>Escuela Ecol\u00f3gica Nacional Bolivariana<\/strong>, refiri\u00f3 que este encuentro tendr\u00e1 por objetivo \u00abprofundizar y acelerar los proyectos de las consultas y las <strong>Asambleas de Ciudadanos y Ciudadanas (ACA) <\/strong>de todas las comunidades\u00bb, a los fines de consolidar la democracia directa, verdadera y popular.<\/p>\n\n\n\n<p>En sus declaraciones a la prensa, el jefe de Estado subray\u00f3 el empoderamiento y la organizaci\u00f3n que es visible actualmente &nbsp;en las comunidades venezolanas, destacando que todas las comunidades tienen su ACA y su plan de las <strong>7 Transformaciones (7T).<\/strong> Asegur\u00f3 que esto es una verdadera Revoluci\u00f3n de la democracia.<\/p>\n\n\n\n<p>En este sentido, ratific\u00f3 que el compromiso del ejecutivo se extiende hasta garantizar el financiamiento de proyectos comunales, pues asegur\u00f3 que los &nbsp;<strong>5 mil 336 circuitos comunales<\/strong> no solo recibir\u00e1n fondos para su primer proyecto surgido de las consultas, sino que tambi\u00e9n se garantizar\u00e1 el financiamiento de un segundo proyecto para cada uno de estos circuitos.<\/p>\n\n\n\n<p>La <strong>Consulta Popular Nacional <\/strong>es otro evento comicial que se efect\u00faa en simult\u00e1neo con el proceso electoral municipal y que contempla la elecci\u00f3n de proyectos priorizados, a los cuales el Gobierno Bolivariano destinar\u00e1 recursos del erario p\u00fablico, en cumplimiento del poder obediencial.<\/p>\n\n\n\n<blockquote class=\"wp-block-quote is-layout-flow wp-block-quote-is-layout-flow\">\n<p>\u00abSalga sapo, salga rana, llueva truene o relampaguee que los 5 mil 336 circuitos comunales se financie el segundo proyecto que quede en la consulta sin excusa, sin falla. As\u00ed que ya estar\u00edamos hablando de dos proyectos de las consultas\u00bb, afirm\u00f3 en torno al proceso.<\/p>\n<\/blockquote>\n\n\n\n<figure class=\"wp-block-image size-large\"><img fetchpriority=\"high\" decoding=\"async\" width=\"1024\" height=\"779\" src=\"https:\/\/prensapresidencialvenezuela.gob.ve\/wp-content\/uploads\/2025\/07\/08_ZC_L9043_P-1024x779.jpg\" alt=\"\" class=\"wp-image-22039\" srcset=\"https:\/\/prensapresidencialvenezuela.gob.ve\/wp-content\/uploads\/2025\/07\/08_ZC_L9043_P-1024x779.jpg 1024w, https:\/\/prensapresidencialvenezuela.gob.ve\/wp-content\/uploads\/2025\/07\/08_ZC_L9043_P-300x228.jpg 300w, https:\/\/prensapresidencialvenezuela.gob.ve\/wp-content\/uploads\/2025\/07\/08_ZC_L9043_P-768x584.jpg 768w, https:\/\/prensapresidencialvenezuela.gob.ve\/wp-content\/uploads\/2025\/07\/08_ZC_L9043_P-1536x1169.jpg 1536w, https:\/\/prensapresidencialvenezuela.gob.ve\/wp-content\/uploads\/2025\/07\/08_ZC_L9043_P-2048x1559.jpg 2048w\" sizes=\"(max-width: 1024px) 100vw, 1024px\" \/><\/figure>\n\n\n\n<p><\/p>\n\n\n\n<h2 class=\"wp-block-heading\"><strong>Venezuela rumbo a las 6 mil comunas<\/strong><\/h2>\n\n\n\n<p>Como parte del Congreso Federal de Gobierno, el presidente Maduro adelant\u00f3 que propondr\u00e1 como primer punto avanzar en la consolidaci\u00f3n de 6 mil comunas en el pa\u00eds. Actualmente, hay 5 mil 336.<\/p>\n\n\n\n<h2 class=\"wp-block-heading\"><strong>Democracia occidental en decadencia<\/strong><\/h2>\n\n\n\n<p>El Mandatario Nacional contrast\u00f3 el modelo democr\u00e1tico venezolano con la <strong>democracia imperial y occidental, que calific\u00f3 de agotada, decadente y caduca,<\/strong> argumentando que \u00abno sirven para la humanidad\u00bb.<\/p>\n\n\n\n<p>Reafirm\u00f3 la necesidad de construir una nueva democracia, \u201cdonde no manden los multimillonarios, donde mande el pueblo de a pie, <strong>porque la democracia tiene que ser el poder del pueblo para el pueblo y con el pueblo\u00bb.<\/strong><\/p>\n\n\n\n<p><strong>Prensa Presidencial \/ Iliana Rosales<\/strong><\/p>\n\n\n\n<p><\/p>\n","protected":false},"excerpt":{"rendered":"<p>Fuerte Tiuna, Caracas.- Tras ejercer su derecho al voto en las Elecciones Municipales 2025, el presidente de la Rep\u00fablica Bolivariana de Venezuela, Nicol\u00e1s Maduro, anunci\u00f3 la convocatoria a un Consejo Federal de Gobierno que reunir\u00e1 a los 335 alcaldes y alcaldesas que ser\u00e1n electos en esta jornada comicial, y a los 24 gobernadores y gobernadoras. [&hellip;]<\/p>\n","protected":false},"author":1,"featured_media":22038,"comment_status":"open","ping_status":"open","sticky":false,"template":"","format":"standard","meta":{"footnotes":""},"categories":[18,7],"tags":[1754,689,1650,1753,1752,19,20],"class_list":["post-22037","post","type-post","status-publish","format-standard","has-post-thumbnail","hentry","category-noticias-principales","category-notas-de-prensa","tag-7-transformaciones","tag-7t","tag-aca","tag-asambleas-de-ciudadanos-y-ciudadanas","tag-consejo-federal-de-gobierno","tag-nicolas-maduro","tag-venezuela"],"_links":{"self":[{"href":"https:\/\/prensapresidencialvenezuela.gob.ve\/index.php\/wp-json\/wp\/v2\/posts\/22037","targetHints":{"allow":["GET"]}}],"collection":[{"href":"https:\/\/prensapresidencialvenezuela.gob.ve\/index.php\/wp-json\/wp\/v2\/posts"}],"about":[{"href":"https:\/\/prensapresidencialvenezuela.gob.ve\/index.php\/wp-json\/wp\/v2\/types\/post"}],"author":[{"embeddable":true,"href":"https:\/\/prensapresidencialvenezuela.gob.ve\/index.php\/wp-json\/wp\/v2\/users\/1"}],"replies":[{"embeddable":true,"href":"https:\/\/prensapresidencialvenezuela.gob.ve\/index.php\/wp-json\/wp\/v2\/comments?post=22037"}],"version-history":[{"count":2,"href":"https:\/\/prensapresidencialvenezuela.gob.ve\/index.php\/wp-json\/wp\/v2\/posts\/22037\/revisions"}],"predecessor-version":[{"id":22047,"href":"https:\/\/prensapresidencialvenezuela.gob.ve\/index.php\/wp-json\/wp\/v2\/posts\/22037\/revisions\/22047"}],"wp:featuredmedia":[{"embeddable":true,"href":"https:\/\/prensapresidencialvenezuela.gob.ve\/index.php\/wp-json\/wp\/v2\/media\/22038"}],"wp:attachment":[{"href":"https:\/\/prensapresidencialvenezuela.gob.ve\/index.php\/wp-json\/wp\/v2\/media?parent=22037"}],"wp:term":[{"taxonomy":"category","embeddable":true,"href":"https:\/\/prensapresidencialvenezuela.gob.ve\/index.php\/wp-json\/wp\/v2\/categories?post=22037"},{"taxonomy":"post_tag","embeddable":true,"href":"https:\/\/prensapresidencialvenezuela.gob.ve\/index.php\/wp-json\/wp\/v2\/tags?post=22037"}],"curies":[{"name":"wp","href":"https:\/\/api.w.org\/{rel}","templated":true}]}}