{"id":2204,"date":"2022-06-04T14:59:00","date_gmt":"2022-06-04T14:59:00","guid":{"rendered":"http:\/\/172.27.0.121\/?p=2204"},"modified":"2022-07-13T15:00:45","modified_gmt":"2022-07-13T15:00:45","slug":"venezuela-anhela-tener-tiempos-de-paz-de-encuentro-y-cooperacion-con-colombia","status":"publish","type":"post","link":"https:\/\/prensapresidencialvenezuela.gob.ve\/index.php\/2022\/06\/04\/venezuela-anhela-tener-tiempos-de-paz-de-encuentro-y-cooperacion-con-colombia\/","title":{"rendered":"Venezuela anhela tener tiempos de paz, de encuentro y cooperaci\u00f3n con Colombia"},"content":{"rendered":"\n<p><strong>Palacio de Miraflores, Caracas.-<\/strong> \u201cEl pr\u00f3ximo presidente que sea electo por los colombianos deber\u00eda revisar los planes de la inteligencia del ej\u00e9rcito y de la Direcci\u00f3n Nacional de Inteligencia de Colombia\u201d, inst\u00f3 el presidente de la Rep\u00fablica Bolivariana de Venezuela, Nicol\u00e1s Maduro, quien adem\u00e1s subray\u00f3 que Venezuela anhela tener tiempos de paz, de encuentro y cooperaci\u00f3n con Colombia<\/p>\n\n\n\n<p>En el espacio Di\u00e1logo Internacional con Atilio Bor\u00f3n, por Radio Madre AM 530 (la radio de las Madres de Plaza de Mayo) y Radio del Sur, refiri\u00f3 que es ah\u00ed donde \u201cest\u00e1n grupos especializados conspirando contra Venezuela, las 24 horas del d\u00eda (\u2026.) Y cuentan con dinero en efectivo a manos llenas\u201d.<\/p>\n\n\n\n<p>Remiti\u00e9ndose a lo que refleja la prensa colombianas, acerca de la lectura en torno a las elecciones en el pa\u00eds vecino el pasado domingo, el Dignatario venezolano pregunt\u00f3 \u00bfQuien fue el gran derrotado en las elecciones del domingo? : Iv\u00e1n Duque, respondi\u00f3 a manera de reflexi\u00f3n.<\/p>\n\n\n\n<p>\u00c9l (Duque) \u201chundi\u00f3 al llamado uribismo, eso lo dice la prensa de Colombia. \u00bfQu\u00e9 va a pasar el 19 de junio? El pueblo de Colombia de manera aut\u00f3noma decidir\u00e1 (\u2026) ser\u00e1 el pueblo de Colombia que de manera soberana tome la decisi\u00f3n\u201d.<\/p>\n\n\n\n<p>Asimismo, el presidente Maduro record\u00f3 que \u201cColombia y Venezuela cuentan con 2.200 kil\u00f3metros de fronteras y nacieron del mismo padre Libertador. Ambas naciones comparten una historia de hermandad y de amor muy grande\u201d, al sostener que \u201cen los \u00faltimos a\u00f1os, Colombia ha estado en manos del uribismo. Casi veinte a\u00f1os, Y en los \u00faltimos cuatro a\u00f1os, con Iv\u00e1n Duque, quien ha sido el instrumento del imperio estadounidense para exportar el terrorismo, el narcotr\u00e1fico, la Violencia, la conspiraci\u00f3n desde Colombia hacia Venezuela\u201d, raz\u00f3n por la que \u201cnuestro combate por defender la paz interna es brutal\u201d.<\/p>\n\n\n\n<p>\u201cTodos los planes contra Venezuela (golpistas, de magnicidio, de sabotaje contra las refiner\u00edas, como lo denunciamos hoy) y planes para atacar a nuestros familiares, todo viene de Colombia\u201d, puntualiz\u00f3 el jefe de Estado venezolano.<\/p>\n\n\n\n<p><strong>Prensa Presidencial\/Ana\u00eds P\u00e9rez<\/strong><\/p>\n","protected":false},"excerpt":{"rendered":"<p>Palacio de Miraflores, Caracas.- \u201cEl pr\u00f3ximo presidente que sea electo por los colombianos deber\u00eda revisar los planes de la inteligencia del ej\u00e9rcito y de la Direcci\u00f3n Nacional de Inteligencia de Colombia\u201d, inst\u00f3 el presidente de la Rep\u00fablica Bolivariana de Venezuela, Nicol\u00e1s Maduro, quien adem\u00e1s subray\u00f3 que Venezuela anhela tener tiempos de paz, de encuentro y [&hellip;]<\/p>\n","protected":false},"author":6,"featured_media":2205,"comment_status":"open","ping_status":"open","sticky":false,"template":"","format":"standard","meta":{"footnotes":""},"categories":[7],"tags":[],"class_list":["post-2204","post","type-post","status-publish","format-standard","has-post-thumbnail","hentry","category-notas-de-prensa"],"_links":{"self":[{"href":"https:\/\/prensapresidencialvenezuela.gob.ve\/index.php\/wp-json\/wp\/v2\/posts\/2204","targetHints":{"allow":["GET"]}}],"collection":[{"href":"https:\/\/prensapresidencialvenezuela.gob.ve\/index.php\/wp-json\/wp\/v2\/posts"}],"about":[{"href":"https:\/\/prensapresidencialvenezuela.gob.ve\/index.php\/wp-json\/wp\/v2\/types\/post"}],"author":[{"embeddable":true,"href":"https:\/\/prensapresidencialvenezuela.gob.ve\/index.php\/wp-json\/wp\/v2\/users\/6"}],"replies":[{"embeddable":true,"href":"https:\/\/prensapresidencialvenezuela.gob.ve\/index.php\/wp-json\/wp\/v2\/comments?post=2204"}],"version-history":[{"count":1,"href":"https:\/\/prensapresidencialvenezuela.gob.ve\/index.php\/wp-json\/wp\/v2\/posts\/2204\/revisions"}],"predecessor-version":[{"id":2206,"href":"https:\/\/prensapresidencialvenezuela.gob.ve\/index.php\/wp-json\/wp\/v2\/posts\/2204\/revisions\/2206"}],"wp:featuredmedia":[{"embeddable":true,"href":"https:\/\/prensapresidencialvenezuela.gob.ve\/index.php\/wp-json\/wp\/v2\/media\/2205"}],"wp:attachment":[{"href":"https:\/\/prensapresidencialvenezuela.gob.ve\/index.php\/wp-json\/wp\/v2\/media?parent=2204"}],"wp:term":[{"taxonomy":"category","embeddable":true,"href":"https:\/\/prensapresidencialvenezuela.gob.ve\/index.php\/wp-json\/wp\/v2\/categories?post=2204"},{"taxonomy":"post_tag","embeddable":true,"href":"https:\/\/prensapresidencialvenezuela.gob.ve\/index.php\/wp-json\/wp\/v2\/tags?post=2204"}],"curies":[{"name":"wp","href":"https:\/\/api.w.org\/{rel}","templated":true}]}}