{"id":22041,"date":"2025-07-27T16:08:34","date_gmt":"2025-07-27T20:08:34","guid":{"rendered":"https:\/\/prensapresidencialvenezuela.gob.ve\/?p=22041"},"modified":"2025-07-27T16:08:35","modified_gmt":"2025-07-27T20:08:35","slug":"seran-priorizados-los-250-proyectos-mas-votados-este-27j","status":"publish","type":"post","link":"https:\/\/prensapresidencialvenezuela.gob.ve\/index.php\/2025\/07\/27\/seran-priorizados-los-250-proyectos-mas-votados-este-27j\/","title":{"rendered":"Ser\u00e1n priorizados los 250 proyectos m\u00e1s votados este #27J"},"content":{"rendered":"\n<p><strong>Fuerte Tiuna, Caracas.- <\/strong>El Mandatario Nacional, Nicol\u00e1s Maduro Moros, al finalizar su derecho al voto manifest\u00f3 ante los medios de comunicaci\u00f3n social que <strong>ahora es que viene lo bonito para la juventud venezolana.<\/strong><\/p>\n\n\n\n<blockquote class=\"wp-block-quote is-layout-flow wp-block-quote-is-layout-flow\">\n<p>\u00abUna vez que est\u00e9n aprobados esos proyectos, van a ser dos proyectos por cada circuito comunal. Ahora ustedes (la juventud), junto al consejo comunal reciben los recursos y ustedes construyen su cancha, su cosa, todo lo que tengan que construir, o sea, involucramos a la juventud que es un sector siempre en la pol\u00edtica muy olvidado\u00bb, dijo el Jefe de Estado.<\/p>\n<\/blockquote>\n\n\n\n<p><strong>Argument\u00f3 que las redes sociales tienen una influencia negativa que despolitiza a los j\u00f3venes<\/strong>. \u00abUna juventud despolitizada es un adulto futuro esclavo de los que tengan el poder\u00bb, enfatiz\u00f3 el Presidente Maduro Moros para generar reflexi\u00f3n entre las nuevas generaciones venezolanas.<\/p>\n\n\n\n<blockquote class=\"wp-block-quote is-layout-flow wp-block-quote-is-layout-flow\">\n<p>Como incentivo a la juventud en estos comicios, dijo: \u00abA los 10 circuitos comunales m\u00e1s votados de cada estado, tienen un premio doble aquellos que tengan el mayor nivel de participaci\u00f3n en la consulta, en la elecci\u00f3n (\u2026) ser\u00e1n priorizados\u00bb.<\/p>\n<\/blockquote>\n\n\n\n<figure class=\"wp-block-image size-large\"><img fetchpriority=\"high\" decoding=\"async\" width=\"1024\" height=\"882\" src=\"https:\/\/prensapresidencialvenezuela.gob.ve\/wp-content\/uploads\/2025\/07\/02_ZC_L8888_P-1-1024x882.jpg\" alt=\"\" class=\"wp-image-22043\" srcset=\"https:\/\/prensapresidencialvenezuela.gob.ve\/wp-content\/uploads\/2025\/07\/02_ZC_L8888_P-1-1024x882.jpg 1024w, https:\/\/prensapresidencialvenezuela.gob.ve\/wp-content\/uploads\/2025\/07\/02_ZC_L8888_P-1-300x258.jpg 300w, https:\/\/prensapresidencialvenezuela.gob.ve\/wp-content\/uploads\/2025\/07\/02_ZC_L8888_P-1-768x661.jpg 768w, https:\/\/prensapresidencialvenezuela.gob.ve\/wp-content\/uploads\/2025\/07\/02_ZC_L8888_P-1-1536x1322.jpg 1536w, https:\/\/prensapresidencialvenezuela.gob.ve\/wp-content\/uploads\/2025\/07\/02_ZC_L8888_P-1-2048x1763.jpg 2048w\" sizes=\"(max-width: 1024px) 100vw, 1024px\" \/><\/figure>\n\n\n\n<p><\/p>\n\n\n\n<h2 class=\"wp-block-heading\"><strong>Elecciones seguras<\/strong><\/h2>\n\n\n\n<p>Sobre el ambiente de paz que reina en el pa\u00eds, ante la consulta popular, el Jefe de Estado afirm\u00f3 que el proceso electoral se ha dado sin ning\u00fan incidente.<\/p>\n\n\n\n<p>\u00abHay que darle las gracias a los cuerpos de seguridad del Estado, a la Fuerza Armada Nacional Bolivariana, a las fuerzas policiales, al Sebin, al CICPC, a la Polic\u00eda Nacional Bolivariana, al DGCIM. Ustedes los ven por la calles patrullando, porque est\u00e1n moscas de grupos terroristas, de mercenarios, de gente mala, de violentos, y da resultados estar mosca las 24 horas al d\u00eda(\u2026) No ha habido un incidente para llegar al 27 de julio\u00bb, puntualiz\u00f3 en respuesta a la consulta realizada por una periodista de un canal de televisi\u00f3n privado.<\/p>\n\n\n\n<p><strong>Prensa Presidencial\/ Claudia Guerra M\u00e9ndez<\/strong><\/p>\n","protected":false},"excerpt":{"rendered":"<p>Fuerte Tiuna, Caracas.- El Mandatario Nacional, Nicol\u00e1s Maduro Moros, al finalizar su derecho al voto manifest\u00f3 ante los medios de comunicaci\u00f3n social que ahora es que viene lo bonito para la juventud venezolana. \u00abUna vez que est\u00e9n aprobados esos proyectos, van a ser dos proyectos por cada circuito comunal. Ahora ustedes (la juventud), junto al [&hellip;]<\/p>\n","protected":false},"author":1,"featured_media":22042,"comment_status":"open","ping_status":"open","sticky":false,"template":"","format":"standard","meta":{"footnotes":""},"categories":[18,7],"tags":[19,27,20],"class_list":["post-22041","post","type-post","status-publish","format-standard","has-post-thumbnail","hentry","category-noticias-principales","category-notas-de-prensa","tag-nicolas-maduro","tag-revolucion-bolivariana","tag-venezuela"],"_links":{"self":[{"href":"https:\/\/prensapresidencialvenezuela.gob.ve\/index.php\/wp-json\/wp\/v2\/posts\/22041","targetHints":{"allow":["GET"]}}],"collection":[{"href":"https:\/\/prensapresidencialvenezuela.gob.ve\/index.php\/wp-json\/wp\/v2\/posts"}],"about":[{"href":"https:\/\/prensapresidencialvenezuela.gob.ve\/index.php\/wp-json\/wp\/v2\/types\/post"}],"author":[{"embeddable":true,"href":"https:\/\/prensapresidencialvenezuela.gob.ve\/index.php\/wp-json\/wp\/v2\/users\/1"}],"replies":[{"embeddable":true,"href":"https:\/\/prensapresidencialvenezuela.gob.ve\/index.php\/wp-json\/wp\/v2\/comments?post=22041"}],"version-history":[{"count":2,"href":"https:\/\/prensapresidencialvenezuela.gob.ve\/index.php\/wp-json\/wp\/v2\/posts\/22041\/revisions"}],"predecessor-version":[{"id":22045,"href":"https:\/\/prensapresidencialvenezuela.gob.ve\/index.php\/wp-json\/wp\/v2\/posts\/22041\/revisions\/22045"}],"wp:featuredmedia":[{"embeddable":true,"href":"https:\/\/prensapresidencialvenezuela.gob.ve\/index.php\/wp-json\/wp\/v2\/media\/22042"}],"wp:attachment":[{"href":"https:\/\/prensapresidencialvenezuela.gob.ve\/index.php\/wp-json\/wp\/v2\/media?parent=22041"}],"wp:term":[{"taxonomy":"category","embeddable":true,"href":"https:\/\/prensapresidencialvenezuela.gob.ve\/index.php\/wp-json\/wp\/v2\/categories?post=22041"},{"taxonomy":"post_tag","embeddable":true,"href":"https:\/\/prensapresidencialvenezuela.gob.ve\/index.php\/wp-json\/wp\/v2\/tags?post=22041"}],"curies":[{"name":"wp","href":"https:\/\/api.w.org\/{rel}","templated":true}]}}