{"id":22046,"date":"2025-07-27T16:35:38","date_gmt":"2025-07-27T20:35:38","guid":{"rendered":"https:\/\/prensapresidencialvenezuela.gob.ve\/?p=22046"},"modified":"2025-07-27T16:40:32","modified_gmt":"2025-07-27T20:40:32","slug":"frente-a-la-politica-bipolar-del-gobierno-de-ee-uu-hay-que-actuar-con-diplomacia-bolivariana-de-paz-asevero-el-presidente","status":"publish","type":"post","link":"https:\/\/prensapresidencialvenezuela.gob.ve\/index.php\/2025\/07\/27\/frente-a-la-politica-bipolar-del-gobierno-de-ee-uu-hay-que-actuar-con-diplomacia-bolivariana-de-paz-asevero-el-presidente\/","title":{"rendered":"Frente a la pol\u00edtica bipolar del gobierno de EE. UU, hay que \u00abactuar con Diplomacia Bolivariana de Paz\u00bb, asever\u00f3 el Presidente"},"content":{"rendered":"\n<p><\/p>\n\n\n\n<p><strong>Fuerte Tiuna, Caracas. \u2013 <\/strong>El presidente de la Rep\u00fablica Bolivariana de Venezuela, Nicol\u00e1s Maduro Moros, resalt\u00f3 que Venezuela, frente a la pol\u00edtica \u00abbipolar\u00bb del gobierno de los Estado Unidos (EE. UU), hay que \u00abactuar con la Diplomacia Bolivariana de Paz, con serenidad y nervios de acero\u00bb.<\/p>\n\n\n\n<h2 class=\"wp-block-heading\">Esta declaraci\u00f3n la dio durante su participaci\u00f3n en las elecciones municipales 2025, desde la Escuela Ecol\u00f3gica Nacional Bolivariana \u00abSim\u00f3n Rodr\u00edguez\u00bb, en donde adem\u00e1s acot\u00f3, que la Naci\u00f3n venezolana continuar\u00e1 trabajando por lo que cree, \u00abporque nosotros no tenemos que depender de nadie\u00bb.<\/h2>\n\n\n\n<figure class=\"wp-block-image size-large\"><img fetchpriority=\"high\" decoding=\"async\" width=\"1024\" height=\"646\" src=\"https:\/\/prensapresidencialvenezuela.gob.ve\/wp-content\/uploads\/2025\/07\/27EG_L6430_P-1024x646.jpg\" alt=\"\" class=\"wp-image-22049\" srcset=\"https:\/\/prensapresidencialvenezuela.gob.ve\/wp-content\/uploads\/2025\/07\/27EG_L6430_P-1024x646.jpg 1024w, https:\/\/prensapresidencialvenezuela.gob.ve\/wp-content\/uploads\/2025\/07\/27EG_L6430_P-300x189.jpg 300w, https:\/\/prensapresidencialvenezuela.gob.ve\/wp-content\/uploads\/2025\/07\/27EG_L6430_P-768x485.jpg 768w, https:\/\/prensapresidencialvenezuela.gob.ve\/wp-content\/uploads\/2025\/07\/27EG_L6430_P-1536x969.jpg 1536w, https:\/\/prensapresidencialvenezuela.gob.ve\/wp-content\/uploads\/2025\/07\/27EG_L6430_P-2048x1292.jpg 2048w\" sizes=\"(max-width: 1024px) 100vw, 1024px\" \/><\/figure>\n\n\n\n<p>Asimismo, con relaci\u00f3n a la posibilidad que, en el corto, mediano o largo plazo se establezca un canal de comunicaci\u00f3n directo y diplom\u00e1tico con el gobierno de los Estados Unidos (EE. UU), dijo: \u00abBueno esperemos, son cosas dif\u00edciles de adelantar, porque ustedes saben que hoy ellos hacen una cosa y ma\u00f1ana hacen lo contrario. Hoy lanzan una bomba y ma\u00f1ana piden disculpas por la bomba, y dicen que no lo volver\u00e1n a hacer\u00bb.<\/p>\n\n\n\n<blockquote class=\"wp-block-quote is-layout-flow wp-block-quote-is-layout-flow\">\n<h2 class=\"wp-block-heading\">Al mismo tiempo, el jefe de Estado expres\u00f3 de manera contundente y reiterativa, que, en el presente, la Patria que es la cuna de los libertadores de Am\u00e9rica, \u00abno depende de nada, ni de nadie; porque \u00abhoy caminamos con pies propios, sembramos con manos propias y pensamos con cabeza propia\u00bb.&nbsp;<\/h2>\n<\/blockquote>\n\n\n\n<p>\u00abLa ultraderecha extremista de Venezuela y la de Milei, Noboa, o Bukele, que son la derecha extremista neonazi de Am\u00e9rica Latina, ven primero para el norte: ya que \u00abes un esclavo del imperio norteamericano y un capataz torturador del imperio norteamericano\u00bb, precis\u00f3.&nbsp;<\/p>\n\n\n\n<p>Po lo antes mencionado, el Dignatario subray\u00f3 que la diferencia entre esos mandatarios y el Gobierno Bolivariano de Venezuela, es que aqu\u00ed se tiene una pol\u00edtica soberana.<\/p>\n\n\n\n<p><strong>Rescate de j\u00f3venes secuestrados en El Salvador<\/strong><\/p>\n\n\n\n<p>Respecto a los migrantes que fueron secuestrados criminalmente en El Salvador por el Gobierno nazi de Nayib Bukele, el Presidente enfatiz\u00f3 que el Gobierno revolucionario de Venezuela, cuenta con una pol\u00edtica soberana, y por ello, \u00absomos capaces de hacer lo que hacemos\u00bb.<\/p>\n\n\n\n<p>En cuanto a la guerra psicol\u00f3gica que manten\u00eda el gobierno de Bukele, mientras estaban secuestrados estos j\u00f3venes, el L\u00edder venezolano manifest\u00f3: que a estos \u00ab252 muchachos cuando llegaron a la c\u00e1rcel del Salvador, \u00bfsabes qu\u00e9 le dijeron?, bienvenidos al infierno, llegan al cementerio de los vivos, donde nadie sale con vida\u00bb.<\/p>\n\n\n\n<div class=\"wp-block-columns is-layout-flex wp-container-core-columns-is-layout-9d6595d7 wp-block-columns-is-layout-flex\">\n<div class=\"wp-block-column is-layout-flow wp-block-column-is-layout-flow\" style=\"flex-basis:100%\">\n<p>\u00abAs\u00ed que no esperemos nada, sino de nosotros mismos, y sigamos siendo felices, como dijo el grande Jos\u00e9 Gervasio Artigas\u00bb, puntualiz\u00f3 el Mandatario Nacional.<\/p>\n<\/div>\n<\/div>\n\n\n\n<p><strong>Prensa Presidencial\/ Irmary D\u00edaz.<\/strong><\/p>\n","protected":false},"excerpt":{"rendered":"<p>Fuerte Tiuna, Caracas. \u2013 El presidente de la Rep\u00fablica Bolivariana de Venezuela, Nicol\u00e1s Maduro Moros, resalt\u00f3 que Venezuela, frente a la pol\u00edtica \u00abbipolar\u00bb del gobierno de los Estado Unidos (EE. UU), hay que \u00abactuar con la Diplomacia Bolivariana de Paz, con serenidad y nervios de acero\u00bb. Esta declaraci\u00f3n la dio durante su participaci\u00f3n en las [&hellip;]<\/p>\n","protected":false},"author":15,"featured_media":22050,"comment_status":"open","ping_status":"open","sticky":false,"template":"","format":"standard","meta":{"footnotes":""},"categories":[18,7],"tags":[],"class_list":["post-22046","post","type-post","status-publish","format-standard","has-post-thumbnail","hentry","category-noticias-principales","category-notas-de-prensa"],"_links":{"self":[{"href":"https:\/\/prensapresidencialvenezuela.gob.ve\/index.php\/wp-json\/wp\/v2\/posts\/22046","targetHints":{"allow":["GET"]}}],"collection":[{"href":"https:\/\/prensapresidencialvenezuela.gob.ve\/index.php\/wp-json\/wp\/v2\/posts"}],"about":[{"href":"https:\/\/prensapresidencialvenezuela.gob.ve\/index.php\/wp-json\/wp\/v2\/types\/post"}],"author":[{"embeddable":true,"href":"https:\/\/prensapresidencialvenezuela.gob.ve\/index.php\/wp-json\/wp\/v2\/users\/15"}],"replies":[{"embeddable":true,"href":"https:\/\/prensapresidencialvenezuela.gob.ve\/index.php\/wp-json\/wp\/v2\/comments?post=22046"}],"version-history":[{"count":3,"href":"https:\/\/prensapresidencialvenezuela.gob.ve\/index.php\/wp-json\/wp\/v2\/posts\/22046\/revisions"}],"predecessor-version":[{"id":22053,"href":"https:\/\/prensapresidencialvenezuela.gob.ve\/index.php\/wp-json\/wp\/v2\/posts\/22046\/revisions\/22053"}],"wp:featuredmedia":[{"embeddable":true,"href":"https:\/\/prensapresidencialvenezuela.gob.ve\/index.php\/wp-json\/wp\/v2\/media\/22050"}],"wp:attachment":[{"href":"https:\/\/prensapresidencialvenezuela.gob.ve\/index.php\/wp-json\/wp\/v2\/media?parent=22046"}],"wp:term":[{"taxonomy":"category","embeddable":true,"href":"https:\/\/prensapresidencialvenezuela.gob.ve\/index.php\/wp-json\/wp\/v2\/categories?post=22046"},{"taxonomy":"post_tag","embeddable":true,"href":"https:\/\/prensapresidencialvenezuela.gob.ve\/index.php\/wp-json\/wp\/v2\/tags?post=22046"}],"curies":[{"name":"wp","href":"https:\/\/api.w.org\/{rel}","templated":true}]}}