{"id":22062,"date":"2025-07-28T00:34:26","date_gmt":"2025-07-28T04:34:26","guid":{"rendered":"https:\/\/prensapresidencialvenezuela.gob.ve\/?p=22062"},"modified":"2025-07-28T00:34:27","modified_gmt":"2025-07-28T04:34:27","slug":"victoria-amor-y-lealtad-se-conjugaron-este-27j-ante-el-legado-del-comandante-chavez","status":"publish","type":"post","link":"https:\/\/prensapresidencialvenezuela.gob.ve\/index.php\/2025\/07\/28\/victoria-amor-y-lealtad-se-conjugaron-este-27j-ante-el-legado-del-comandante-chavez\/","title":{"rendered":"Victoria, amor y lealtad se conjugaron este #27J ante el legado del Comandante Ch\u00e1vez"},"content":{"rendered":"\n<p><strong>Plaza Bol\u00edvar de Caracas.-<\/strong> Desde la Plaza Bol\u00edvar de Caracas y junto al pueblo caraque\u00f1o, el presidente de la Rep\u00fablica Bolivariana de Venezuela, Nicol\u00e1s Maduro Moros, celebra los resultados de la contienda comicial de este domingo 27 de julio, en los que result\u00f3 reelecta para el per\u00edodo 2025-2029, la candidata del Gran Polo Patri\u00f3tico Sim\u00f3n Bol\u00edvar, A\/J Carmen Mel\u00e9ndez.<\/p>\n\n\n\n<p>Estos comicios constituyeron la elecci\u00f3n n\u00famero 33, de los 26 a\u00f1os de la Revoluci\u00f3n Bolivariana, una jornada que se caracteriz\u00f3 por su desarrollo pac\u00edfico y por no registrar incidentes; un aspecto que para el Mandatario Nacional da cuenta de la voluntad del pueblo venezolano para elegir los destinos de la naci\u00f3n.<\/p>\n\n\n\n<figure class=\"wp-block-image size-large\"><img fetchpriority=\"high\" decoding=\"async\" width=\"919\" height=\"1024\" src=\"https:\/\/prensapresidencialvenezuela.gob.ve\/wp-content\/uploads\/2025\/07\/4915857273528626837-919x1024.jpg\" alt=\"\" class=\"wp-image-22064\" srcset=\"https:\/\/prensapresidencialvenezuela.gob.ve\/wp-content\/uploads\/2025\/07\/4915857273528626837-919x1024.jpg 919w, https:\/\/prensapresidencialvenezuela.gob.ve\/wp-content\/uploads\/2025\/07\/4915857273528626837-269x300.jpg 269w, https:\/\/prensapresidencialvenezuela.gob.ve\/wp-content\/uploads\/2025\/07\/4915857273528626837-768x856.jpg 768w, https:\/\/prensapresidencialvenezuela.gob.ve\/wp-content\/uploads\/2025\/07\/4915857273528626837.jpg 1149w\" sizes=\"(max-width: 919px) 100vw, 919px\" \/><\/figure>\n\n\n\n<p>Asimismo, es muestra del deseo de paz de todos los que acudieron a las urnas en los 335 municipios del pa\u00eds para elegir sus alcaldes, concejales y, por primera vez en la historia, participar de una elecci\u00f3n combinada en la que tambi\u00e9n se someti\u00f3 a voluntad popular los proyectos comunitarios impulsados por la juventud, a trav\u00e9s de la Consulta Nacional.<\/p>\n\n\n\n<p>Horas m\u00e1s temprano, la Alcaldesa mientras ejerc\u00eda su derecho al sufragio, destac\u00f3 la importancia de la participaci\u00f3n de los venezolanos en el proceso comicial, el fortalecimiento de las instituciones democr\u00e1ticas y el poder comunal, mediante&nbsp; un modelo de participaci\u00f3n directa y protag\u00f3nica.<\/p>\n\n\n\n<p>La plaza Bol\u00edvar, como epicentro de celebraci\u00f3n en honor a la burgomaestre, cont\u00f3 tambi\u00e9n con la presencia de la Primera Dama de la Rep\u00fablica, Cilia Flores, y miembros y dirigentes de la estructura pol\u00edtica revolucionaria.<\/p>\n\n\n\n<figure class=\"wp-block-image size-large\"><img decoding=\"async\" width=\"1024\" height=\"682\" src=\"https:\/\/prensapresidencialvenezuela.gob.ve\/wp-content\/uploads\/2025\/07\/4915857273528626835-1024x682.jpg\" alt=\"\" class=\"wp-image-22065\" srcset=\"https:\/\/prensapresidencialvenezuela.gob.ve\/wp-content\/uploads\/2025\/07\/4915857273528626835-1024x682.jpg 1024w, https:\/\/prensapresidencialvenezuela.gob.ve\/wp-content\/uploads\/2025\/07\/4915857273528626835-300x200.jpg 300w, https:\/\/prensapresidencialvenezuela.gob.ve\/wp-content\/uploads\/2025\/07\/4915857273528626835-768x512.jpg 768w, https:\/\/prensapresidencialvenezuela.gob.ve\/wp-content\/uploads\/2025\/07\/4915857273528626835.jpg 1280w\" sizes=\"(max-width: 1024px) 100vw, 1024px\" \/><\/figure>\n\n\n\n<p><strong>71\u00b0 aniversario del natalicio del Comandante Eterno<\/strong><\/p>\n\n\n\n<p>Hugo Rafael Ch\u00e1vez Fr\u00edas fue el l\u00edder m\u00e1s influyente e ic\u00f3nico de la historia de la Revoluci\u00f3n Bolivariana de Venezuela. Nacido el 28 de julio de 1954, en Sabaneta del estado Barinas, dedic\u00f3 su vida a luchar por la justicia social y la igualdad de los venezolanos.<\/p>\n\n\n\n<p>Hoy, se cumplen 71 a\u00f1os de su nacimiento. Una figura emblem\u00e1tica que ha dejado un legado que perdura en la memoria del pueblo y en las pol\u00edticas que dej\u00f3 muestra de su compromiso por la justicia social y su amor por Venezuela, convirti\u00e9ndose en una leyenda.<\/p>\n\n\n\n<p><strong>Primer a\u00f1o de la victoria del presidente Nicol\u00e1s Maduro<\/strong><\/p>\n\n\n\n<p>El 28 de julio del 2024, es reelegido Nicol\u00e1s Maduro Moros como Presidente de la Rep\u00fablica Bolivariana de Venezuela para el per\u00edodo 2025-2031.<\/p>\n\n\n\n<p>En este d\u00eda, el pueblo demostr\u00f3 la lealtad y amor por la Revoluci\u00f3n Bolivariana en una fiesta electoral que sell\u00f3 la batalla definitiva contra el fascismo con el 51.20% de los votos.<\/p>\n\n\n\n<p>Venezuela celebr\u00f3 las elecciones presidenciales como una fiesta para honrar no solo al Comandante Hugo Ch\u00e1vez, sino tambi\u00e9n a un pueblo venezolano que ha forjado con su temple, su conciencia y su esperanza, la posibilidad de poder decidir en paz y de reconocerse como naci\u00f3n libre, independiente y soberana.<\/p>\n\n\n\n<p><strong>Prensa Presidencial\/ Irmary D\u00edaz<\/strong><\/p>\n","protected":false},"excerpt":{"rendered":"<p>Plaza Bol\u00edvar de Caracas.- Desde la Plaza Bol\u00edvar de Caracas y junto al pueblo caraque\u00f1o, el presidente de la Rep\u00fablica Bolivariana de Venezuela, Nicol\u00e1s Maduro Moros, celebra los resultados de la contienda comicial de este domingo 27 de julio, en los que result\u00f3 reelecta para el per\u00edodo 2025-2029, la candidata del Gran Polo Patri\u00f3tico Sim\u00f3n [&hellip;]<\/p>\n","protected":false},"author":1,"featured_media":22063,"comment_status":"open","ping_status":"open","sticky":false,"template":"","format":"standard","meta":{"footnotes":""},"categories":[18,7],"tags":[],"class_list":["post-22062","post","type-post","status-publish","format-standard","has-post-thumbnail","hentry","category-noticias-principales","category-notas-de-prensa"],"_links":{"self":[{"href":"https:\/\/prensapresidencialvenezuela.gob.ve\/index.php\/wp-json\/wp\/v2\/posts\/22062","targetHints":{"allow":["GET"]}}],"collection":[{"href":"https:\/\/prensapresidencialvenezuela.gob.ve\/index.php\/wp-json\/wp\/v2\/posts"}],"about":[{"href":"https:\/\/prensapresidencialvenezuela.gob.ve\/index.php\/wp-json\/wp\/v2\/types\/post"}],"author":[{"embeddable":true,"href":"https:\/\/prensapresidencialvenezuela.gob.ve\/index.php\/wp-json\/wp\/v2\/users\/1"}],"replies":[{"embeddable":true,"href":"https:\/\/prensapresidencialvenezuela.gob.ve\/index.php\/wp-json\/wp\/v2\/comments?post=22062"}],"version-history":[{"count":1,"href":"https:\/\/prensapresidencialvenezuela.gob.ve\/index.php\/wp-json\/wp\/v2\/posts\/22062\/revisions"}],"predecessor-version":[{"id":22066,"href":"https:\/\/prensapresidencialvenezuela.gob.ve\/index.php\/wp-json\/wp\/v2\/posts\/22062\/revisions\/22066"}],"wp:featuredmedia":[{"embeddable":true,"href":"https:\/\/prensapresidencialvenezuela.gob.ve\/index.php\/wp-json\/wp\/v2\/media\/22063"}],"wp:attachment":[{"href":"https:\/\/prensapresidencialvenezuela.gob.ve\/index.php\/wp-json\/wp\/v2\/media?parent=22062"}],"wp:term":[{"taxonomy":"category","embeddable":true,"href":"https:\/\/prensapresidencialvenezuela.gob.ve\/index.php\/wp-json\/wp\/v2\/categories?post=22062"},{"taxonomy":"post_tag","embeddable":true,"href":"https:\/\/prensapresidencialvenezuela.gob.ve\/index.php\/wp-json\/wp\/v2\/tags?post=22062"}],"curies":[{"name":"wp","href":"https:\/\/api.w.org\/{rel}","templated":true}]}}