{"id":22165,"date":"2025-07-31T18:43:29","date_gmt":"2025-07-31T22:43:29","guid":{"rendered":"https:\/\/prensapresidencialvenezuela.gob.ve\/?p=22165"},"modified":"2025-07-31T18:43:30","modified_gmt":"2025-07-31T22:43:30","slug":"garantizados-los-proyectos-elegidos-en-la-comuna-sarria-rebelde","status":"publish","type":"post","link":"https:\/\/prensapresidencialvenezuela.gob.ve\/index.php\/2025\/07\/31\/garantizados-los-proyectos-elegidos-en-la-comuna-sarria-rebelde\/","title":{"rendered":"Garantizados los proyectos elegidos en la comuna \u00abSarr\u00eda Rebelde\u00bb"},"content":{"rendered":"\n<p><strong>Calle Real de Sarr\u00eda, Caracas. \u2013 <\/strong>El presidente de la Rep\u00fablica Bolivariana de Venezuela, Nicol\u00e1s Maduro Moros, destac\u00f3 durante la entrega de la Base de Misiones<strong> \u00abJuana Ram\u00edrez La Avanzadora\u00bb,<\/strong> que junto al Gobierno Nacional y al Consejo Federal de Gobierno (CFG), ya est\u00e1 garantizado el financiamiento de los dos proyectos que \u00abqueden elegidos de primero, de ahora en adelante, en las consultas populares\u00bb.<\/p>\n\n\n\n<p>Asimismo, dijo que en la Comuna Sarr\u00eda Rebelde quedaron en primer lugar dos proyectos de emprendimiento y gastronom\u00eda, que est\u00e1n distribuidos de la siguiente manera:<\/p>\n\n\n\n<ul class=\"wp-block-list\">\n<li><strong>Primer lugar, un proyecto llamado: Creaci\u00f3n del Corredor Gastron\u00f3mico Sarr\u00eda Rebelde,<\/strong> el cual expres\u00f3, Luis, vocero de esta comuna, que en las pasadas elecciones municipales y de Consulta Popular Juvenil, se tuvo una \u00abexitosa jornada en el recorrido del mapa de los sue\u00f1os y tambi\u00e9n el hacer las asambleas con la juventud y los casa a casa, para incentivar a los integrantes de la comunidad a participar\u00bb, motivo por el que, adem\u00e1s, explic\u00f3 que este plan de desarrollo est\u00e1 estipulado para tener 7 puestos por cada 7 consejos comunales, pertenecientes a la Comuna Sarr\u00eda Rebelde.<\/li>\n\n\n\n<li><strong>Segundo lugar: Creaci\u00f3n de la Escuela de Formaci\u00f3n y Emprendimiento<\/strong>, que tiene como objetivo, ayudar a los j\u00f3venes en cuanto a su formaci\u00f3n, m\u00e9todos de informaci\u00f3n y a prepararlos para ejercer, en la pr\u00e1ctica, sus funciones.<\/li>\n<\/ul>\n\n\n\n<figure class=\"wp-block-image size-large\"><img fetchpriority=\"high\" decoding=\"async\" width=\"1024\" height=\"682\" src=\"https:\/\/prensapresidencialvenezuela.gob.ve\/wp-content\/uploads\/2025\/07\/4924979942979121775-1024x682.jpg\" alt=\"\" class=\"wp-image-22180\" srcset=\"https:\/\/prensapresidencialvenezuela.gob.ve\/wp-content\/uploads\/2025\/07\/4924979942979121775-1024x682.jpg 1024w, https:\/\/prensapresidencialvenezuela.gob.ve\/wp-content\/uploads\/2025\/07\/4924979942979121775-300x200.jpg 300w, https:\/\/prensapresidencialvenezuela.gob.ve\/wp-content\/uploads\/2025\/07\/4924979942979121775-768x512.jpg 768w, https:\/\/prensapresidencialvenezuela.gob.ve\/wp-content\/uploads\/2025\/07\/4924979942979121775.jpg 1280w\" sizes=\"(max-width: 1024px) 100vw, 1024px\" \/><\/figure>\n\n\n\n<p>En este orden de ideas, el jefe de Estado manifest\u00f3 que ya tiene en sus manos el listado completo de los 5 336 proyectos, multiplicados por 2. Es decir, m\u00e1s de 10 mil proyectos que ya han sido aprobados por medio de la votaci\u00f3n, lo que demuestra el r\u00e9cord de participaci\u00f3n del pasado domingo 27 de julio.<\/p>\n\n\n\n<p>El Mandatario nacional tambi\u00e9n record\u00f3 que, a partir de la consulta ya realizada, y de ahora en adelante, se financiar\u00e1 los dos proyectos que queden de primer y segundo lugar, aunado a que ser\u00e1 fijo y por etapas.<\/p>\n\n\n\n\n\n<p><strong>Circuito Comunales: Nueva forma de organizaci\u00f3n del poder en Venezuela<\/strong><\/p>\n\n\n\n<p>Al respecto, el Dignatario reiter\u00f3 que se tienen actualmente 5 336 circuitos comunales en el pa\u00eds, a\u00f1adiendo al mismo tiempo, que cuando ya se cuenten con las 6 mil comunas dentro de aproximadamente un a\u00f1o o a\u00f1o y medio, \u00abtendremos 6 mil circuitos comunales, que son la nueva forma de organizaci\u00f3n del poder en Venezuela\u00bb.&nbsp;<\/p>\n\n\n\n<p>Por \u00faltimo, el l\u00edder venezolano se\u00f1al\u00f3 que los proyectos que ya est\u00e1n electos, ahora pasar\u00e1n a la fase de ejecuci\u00f3n y financiamiento, y as\u00ed sean desarrollados por la juventud.<\/p>\n\n\n\n<p><strong>Prensa Presidencial\/ Irmary D\u00edaz<\/strong><\/p>\n","protected":false},"excerpt":{"rendered":"<p>Calle Real de Sarr\u00eda, Caracas. \u2013 El presidente de la Rep\u00fablica Bolivariana de Venezuela, Nicol\u00e1s Maduro Moros, destac\u00f3 durante la entrega de la Base de Misiones \u00abJuana Ram\u00edrez La Avanzadora\u00bb, que junto al Gobierno Nacional y al Consejo Federal de Gobierno (CFG), ya est\u00e1 garantizado el financiamiento de los dos proyectos que \u00abqueden elegidos de [&hellip;]<\/p>\n","protected":false},"author":1,"featured_media":22179,"comment_status":"open","ping_status":"open","sticky":false,"template":"","format":"standard","meta":{"footnotes":""},"categories":[18,7],"tags":[],"class_list":["post-22165","post","type-post","status-publish","format-standard","has-post-thumbnail","hentry","category-noticias-principales","category-notas-de-prensa"],"_links":{"self":[{"href":"https:\/\/prensapresidencialvenezuela.gob.ve\/index.php\/wp-json\/wp\/v2\/posts\/22165","targetHints":{"allow":["GET"]}}],"collection":[{"href":"https:\/\/prensapresidencialvenezuela.gob.ve\/index.php\/wp-json\/wp\/v2\/posts"}],"about":[{"href":"https:\/\/prensapresidencialvenezuela.gob.ve\/index.php\/wp-json\/wp\/v2\/types\/post"}],"author":[{"embeddable":true,"href":"https:\/\/prensapresidencialvenezuela.gob.ve\/index.php\/wp-json\/wp\/v2\/users\/1"}],"replies":[{"embeddable":true,"href":"https:\/\/prensapresidencialvenezuela.gob.ve\/index.php\/wp-json\/wp\/v2\/comments?post=22165"}],"version-history":[{"count":1,"href":"https:\/\/prensapresidencialvenezuela.gob.ve\/index.php\/wp-json\/wp\/v2\/posts\/22165\/revisions"}],"predecessor-version":[{"id":22181,"href":"https:\/\/prensapresidencialvenezuela.gob.ve\/index.php\/wp-json\/wp\/v2\/posts\/22165\/revisions\/22181"}],"wp:featuredmedia":[{"embeddable":true,"href":"https:\/\/prensapresidencialvenezuela.gob.ve\/index.php\/wp-json\/wp\/v2\/media\/22179"}],"wp:attachment":[{"href":"https:\/\/prensapresidencialvenezuela.gob.ve\/index.php\/wp-json\/wp\/v2\/media?parent=22165"}],"wp:term":[{"taxonomy":"category","embeddable":true,"href":"https:\/\/prensapresidencialvenezuela.gob.ve\/index.php\/wp-json\/wp\/v2\/categories?post=22165"},{"taxonomy":"post_tag","embeddable":true,"href":"https:\/\/prensapresidencialvenezuela.gob.ve\/index.php\/wp-json\/wp\/v2\/tags?post=22165"}],"curies":[{"name":"wp","href":"https:\/\/api.w.org\/{rel}","templated":true}]}}