{"id":22182,"date":"2025-07-31T19:31:27","date_gmt":"2025-07-31T23:31:27","guid":{"rendered":"https:\/\/prensapresidencialvenezuela.gob.ve\/?p=22182"},"modified":"2025-08-26T16:12:51","modified_gmt":"2025-08-26T20:12:51","slug":"enfotos-la-sarria-rebelde","status":"publish","type":"post","link":"https:\/\/prensapresidencialvenezuela.gob.ve\/index.php\/2025\/07\/31\/enfotos-la-sarria-rebelde\/","title":{"rendered":"#EnFotos || La \u00abSarr\u00eda Rebelde\u00bb"},"content":{"rendered":"\n<p><strong>Sarr\u00eda, Caracas,-<\/strong> <strong>Sarr\u00eda es un barrio de Caracas que se niega a olvidar. <\/strong>Un barrio que, a trav\u00e9s de sus obras comunales, rinde tributo a los s\u00edmbolos de su identidad, como un acto de resistencia, de apego a lo propio.<\/p>\n\n\n\n<figure class=\"wp-block-image size-large\"><img fetchpriority=\"high\" decoding=\"async\" width=\"1024\" height=\"683\" src=\"https:\/\/prensapresidencialvenezuela.gob.ve\/wp-content\/uploads\/2025\/07\/11IMG_4707_P-1024x683.jpg\" alt=\"\" class=\"wp-image-22188\" srcset=\"https:\/\/prensapresidencialvenezuela.gob.ve\/wp-content\/uploads\/2025\/07\/11IMG_4707_P-1024x683.jpg 1024w, https:\/\/prensapresidencialvenezuela.gob.ve\/wp-content\/uploads\/2025\/07\/11IMG_4707_P-300x200.jpg 300w, https:\/\/prensapresidencialvenezuela.gob.ve\/wp-content\/uploads\/2025\/07\/11IMG_4707_P-768x512.jpg 768w, https:\/\/prensapresidencialvenezuela.gob.ve\/wp-content\/uploads\/2025\/07\/11IMG_4707_P-1536x1024.jpg 1536w, https:\/\/prensapresidencialvenezuela.gob.ve\/wp-content\/uploads\/2025\/07\/11IMG_4707_P-2048x1366.jpg 2048w\" sizes=\"(max-width: 1024px) 100vw, 1024px\" \/><\/figure>\n\n\n\n<p>A nuestra llegada, fuimos recibidos por una muestra de esa rebeld\u00eda, una vocera llamada <strong>Patria Am\u00e9rica Zapata,<\/strong> una designaci\u00f3n que parece una declaraci\u00f3n de principios. Habr\u00eda sido una contradicci\u00f3n de no haber sido ella una mujer revolucionaria.<\/p>\n\n\n\n<p>El andar por sus calles fue un viaje por la historia de sus s\u00edmbolos. Se encuentran top\u00f3nimos de santos arraigados en la tradici\u00f3n, como <strong>San Pedro Ap\u00f3stol y San Juan<\/strong>, que conviven con la alegr\u00eda y el color de la <strong>Parranda de San Pedro de Sarr\u00eda.<\/strong> Una tradici\u00f3n cultural que le da vida a las calles, que llena de m\u00fasica y baile cada rinc\u00f3n.<\/p>\n\n\n\n<figure class=\"wp-block-image size-large\"><img decoding=\"async\" width=\"1024\" height=\"683\" src=\"https:\/\/prensapresidencialvenezuela.gob.ve\/wp-content\/uploads\/2025\/07\/27_O__6116_P-1024x683.jpg\" alt=\"\" class=\"wp-image-22185\" srcset=\"https:\/\/prensapresidencialvenezuela.gob.ve\/wp-content\/uploads\/2025\/07\/27_O__6116_P-1024x683.jpg 1024w, https:\/\/prensapresidencialvenezuela.gob.ve\/wp-content\/uploads\/2025\/07\/27_O__6116_P-300x200.jpg 300w, https:\/\/prensapresidencialvenezuela.gob.ve\/wp-content\/uploads\/2025\/07\/27_O__6116_P-768x512.jpg 768w, https:\/\/prensapresidencialvenezuela.gob.ve\/wp-content\/uploads\/2025\/07\/27_O__6116_P-1536x1024.jpg 1536w, https:\/\/prensapresidencialvenezuela.gob.ve\/wp-content\/uploads\/2025\/07\/27_O__6116_P-2048x1365.jpg 2048w\" sizes=\"(max-width: 1024px) 100vw, 1024px\" \/><\/figure>\n\n\n\n<p>El color tambi\u00e9n lleg\u00f3 de la mano de Caracas Sonr\u00ede, una iniciativa que, de forma comunal, remoz\u00f3 y <strong>pint\u00f3 m\u00e1s de 300 fachadas en el barrio<\/strong>, borrando el gris de las paredes para llenarlas de esperanza.<\/p>\n\n\n\n<p>Y en medio de todo ese color, un recordatorio. En una de las canchas que fueron rehabilitadas, una pared pintada con las palabras <strong>\u00abEn honor a Harol Clemente\u00bb<\/strong>. Un mensaje que muestra que lo que es nuestro, duele. Un tributo a un ser querido que se fue y que rindi\u00f3 su vida en favor de la Revoluci\u00f3n y que, con su nombre en el muro, sigue vivo en la memoria de la comunidad.<\/p>\n\n\n\n<figure class=\"wp-block-image size-large\"><img decoding=\"async\" width=\"1024\" height=\"683\" src=\"https:\/\/prensapresidencialvenezuela.gob.ve\/wp-content\/uploads\/2025\/07\/13_O__6444_P-1024x683.jpg\" alt=\"\" class=\"wp-image-22186\" srcset=\"https:\/\/prensapresidencialvenezuela.gob.ve\/wp-content\/uploads\/2025\/07\/13_O__6444_P-1024x683.jpg 1024w, https:\/\/prensapresidencialvenezuela.gob.ve\/wp-content\/uploads\/2025\/07\/13_O__6444_P-300x200.jpg 300w, https:\/\/prensapresidencialvenezuela.gob.ve\/wp-content\/uploads\/2025\/07\/13_O__6444_P-768x512.jpg 768w, https:\/\/prensapresidencialvenezuela.gob.ve\/wp-content\/uploads\/2025\/07\/13_O__6444_P-1536x1024.jpg 1536w, https:\/\/prensapresidencialvenezuela.gob.ve\/wp-content\/uploads\/2025\/07\/13_O__6444_P-2048x1365.jpg 2048w\" sizes=\"(max-width: 1024px) 100vw, 1024px\" \/><\/figure>\n\n\n\n<p>El apego de la comunidad tambi\u00e9n se ve reflejado en su atenci\u00f3n m\u00e9dica. El centro diagn\u00f3stico del barrio lleva el nombre de un m\u00e9dico local, <strong>el Doctor Chag\u00edn<\/strong>, un homenaje a alguien que dedic\u00f3 su vida a la salud de sus vecinos.<\/p>\n\n\n\n<p><strong>La Sarr\u00eda rebelde es un testimonio vivo de que la identidad no se olvida<\/strong>, sino que se celebra, se defiende y se honra en cada obra, en cada nombre y en cada color. Es un barrio que, con cada pincelada, le dice al mundo que est\u00e1 aqu\u00ed para quedarse.<\/p>\n\n\n\n<figure class=\"wp-block-image size-large\"><img loading=\"lazy\" decoding=\"async\" width=\"1024\" height=\"683\" src=\"https:\/\/prensapresidencialvenezuela.gob.ve\/wp-content\/uploads\/2025\/07\/23_O__6093_P-1-1024x683.jpg\" alt=\"\" class=\"wp-image-22187\" srcset=\"https:\/\/prensapresidencialvenezuela.gob.ve\/wp-content\/uploads\/2025\/07\/23_O__6093_P-1-1024x683.jpg 1024w, https:\/\/prensapresidencialvenezuela.gob.ve\/wp-content\/uploads\/2025\/07\/23_O__6093_P-1-300x200.jpg 300w, https:\/\/prensapresidencialvenezuela.gob.ve\/wp-content\/uploads\/2025\/07\/23_O__6093_P-1-768x512.jpg 768w, https:\/\/prensapresidencialvenezuela.gob.ve\/wp-content\/uploads\/2025\/07\/23_O__6093_P-1-1536x1024.jpg 1536w, https:\/\/prensapresidencialvenezuela.gob.ve\/wp-content\/uploads\/2025\/07\/23_O__6093_P-1-2048x1365.jpg 2048w\" sizes=\"(max-width: 1024px) 100vw, 1024px\" \/><\/figure>\n\n\n\n<p><strong>Prensa Presidencial\/ Iliana Rosales<\/strong><\/p>\n\n\n\n<p><\/p>\n","protected":false},"excerpt":{"rendered":"<p>Sarr\u00eda, Caracas,- Sarr\u00eda es un barrio de Caracas que se niega a olvidar. Un barrio que, a trav\u00e9s de sus obras comunales, rinde tributo a los s\u00edmbolos de su identidad, como un acto de resistencia, de apego a lo propio. A nuestra llegada, fuimos recibidos por una muestra de esa rebeld\u00eda, una vocera llamada Patria [&hellip;]<\/p>\n","protected":false},"author":1,"featured_media":22183,"comment_status":"open","ping_status":"open","sticky":false,"template":"","format":"standard","meta":{"footnotes":""},"categories":[18,10,7],"tags":[1758,19,1756,1757,20],"class_list":["post-22182","post","type-post","status-publish","format-standard","has-post-thumbnail","hentry","category-noticias-principales","category-especiales","category-notas-de-prensa","tag-caracas-sonre","tag-nicolas-maduro","tag-sarria","tag-sarria-rebelde","tag-venezuela"],"_links":{"self":[{"href":"https:\/\/prensapresidencialvenezuela.gob.ve\/index.php\/wp-json\/wp\/v2\/posts\/22182","targetHints":{"allow":["GET"]}}],"collection":[{"href":"https:\/\/prensapresidencialvenezuela.gob.ve\/index.php\/wp-json\/wp\/v2\/posts"}],"about":[{"href":"https:\/\/prensapresidencialvenezuela.gob.ve\/index.php\/wp-json\/wp\/v2\/types\/post"}],"author":[{"embeddable":true,"href":"https:\/\/prensapresidencialvenezuela.gob.ve\/index.php\/wp-json\/wp\/v2\/users\/1"}],"replies":[{"embeddable":true,"href":"https:\/\/prensapresidencialvenezuela.gob.ve\/index.php\/wp-json\/wp\/v2\/comments?post=22182"}],"version-history":[{"count":5,"href":"https:\/\/prensapresidencialvenezuela.gob.ve\/index.php\/wp-json\/wp\/v2\/posts\/22182\/revisions"}],"predecessor-version":[{"id":23394,"href":"https:\/\/prensapresidencialvenezuela.gob.ve\/index.php\/wp-json\/wp\/v2\/posts\/22182\/revisions\/23394"}],"wp:featuredmedia":[{"embeddable":true,"href":"https:\/\/prensapresidencialvenezuela.gob.ve\/index.php\/wp-json\/wp\/v2\/media\/22183"}],"wp:attachment":[{"href":"https:\/\/prensapresidencialvenezuela.gob.ve\/index.php\/wp-json\/wp\/v2\/media?parent=22182"}],"wp:term":[{"taxonomy":"category","embeddable":true,"href":"https:\/\/prensapresidencialvenezuela.gob.ve\/index.php\/wp-json\/wp\/v2\/categories?post=22182"},{"taxonomy":"post_tag","embeddable":true,"href":"https:\/\/prensapresidencialvenezuela.gob.ve\/index.php\/wp-json\/wp\/v2\/tags?post=22182"}],"curies":[{"name":"wp","href":"https:\/\/api.w.org\/{rel}","templated":true}]}}