{"id":2222,"date":"2022-06-07T15:15:00","date_gmt":"2022-06-07T15:15:00","guid":{"rendered":"http:\/\/172.27.0.121\/?p=2222"},"modified":"2022-07-13T15:19:43","modified_gmt":"2022-07-13T15:19:43","slug":"presidente-maduro-inicia-gira-euroasiatica-con-amplia-agenda-de-cooperacion","status":"publish","type":"post","link":"https:\/\/prensapresidencialvenezuela.gob.ve\/index.php\/2022\/06\/07\/presidente-maduro-inicia-gira-euroasiatica-con-amplia-agenda-de-cooperacion\/","title":{"rendered":"Presidente Maduro inicia gira euroasi\u00e1tica con amplia agenda de cooperaci\u00f3n"},"content":{"rendered":"\n<p><strong>Ankara, Turqu\u00eda.-<\/strong> El presidente de la Rep\u00fablica, Nicol\u00e1s Maduro, inicia este martes una gira euroasi\u00e1tica con amplia agenda de cooperaci\u00f3n que se centrar\u00e1 en las \u00e1reas de ciencia y tecnolog\u00eda, agricultura, transporte, energ\u00eda, turismo y cultura.<\/p>\n\n\n\n<p>En este sentido, el jefe de Estado arriba al Aeropuerto Internacional Esenboga de Ankara a prop\u00f3sito de su visita oficial a la Rep\u00fablica de Turqu\u00eda, que apunta a profundizar las alianzas bilaterales de car\u00e1cter estrat\u00e9gico.<\/p>\n\n\n\n<p>Esta es la cuarta visita de Estado que realiza el mandatario venezolano a la naci\u00f3n euroasi\u00e1tica, luego de su asistencia en 2016, 2017 y 2018, est\u00e1 \u00faltima como parte de la toma de posesi\u00f3n de su hom\u00f3logo Recep Tayyip Erdo\u011fan.<\/p>\n\n\n\n<p>En abril pasado, el Dignatario venezolano valor\u00f3 positivamente el alcance de las alianzas estrat\u00e9gicas entre Turqu\u00eda y Venezuela, las cuales est\u00e1n construidas bajo una perspectiva de hermandad, igualdad, beneficio mutuo y ganancias compartidas.<\/p>\n\n\n\n<p>\u00abVenezuela es la mejor amiga de Turqu\u00eda que ustedes tendr\u00e1n hoy para el resto de la historia\u00bb, recalc\u00f3 durante la III Comisi\u00f3n Mixta Venezuela \u2013 Turqu\u00eda, celebrada el 29 de abril en Caracas.<\/p>\n\n\n\n<p>En este sentido, el jefe de Estado venezolano adelant\u00f3 que \u00abpronto estar\u00e9 en Turqu\u00eda para acelerar el plan de cooperaci\u00f3n mutua y para estrechar la mano de nuestro querido amigo, el presidente Erdo\u011fan\u00bb.<\/p>\n\n\n\n<p>Los v\u00ednculos diplom\u00e1ticos entre Turqu\u00eda y Venezuela datan del a\u00f1o 1957, aunque ser\u00eda en 2009 que se profundizar\u00edan con la instalaci\u00f3n de la Comisi\u00f3n Mixta de Alto Nivel que abon\u00f3 el camino a una relaci\u00f3n ganar-ganar a trav\u00e9s de convenios estrat\u00e9gicos en \u00e1reas de energ\u00eda, miner\u00eda, petroqu\u00edmica, agricultura, turismo, seguridad, tecnolog\u00eda, industria, educaci\u00f3n, alimentaci\u00f3n, aeron\u00e1utica, comercio, cultura, vivienda y desarrollo internacional.<\/p>\n\n\n\n<p><strong>Prensa Presidencial\/Karelis Gonz\u00e1lez<\/strong><\/p>\n","protected":false},"excerpt":{"rendered":"<p>Ankara, Turqu\u00eda.- El presidente de la Rep\u00fablica, Nicol\u00e1s Maduro, inicia este martes una gira euroasi\u00e1tica con amplia agenda de cooperaci\u00f3n que se centrar\u00e1 en las \u00e1reas de ciencia y tecnolog\u00eda, agricultura, transporte, energ\u00eda, turismo y cultura. En este sentido, el jefe de Estado arriba al Aeropuerto Internacional Esenboga de Ankara a prop\u00f3sito de su visita [&hellip;]<\/p>\n","protected":false},"author":6,"featured_media":2223,"comment_status":"open","ping_status":"open","sticky":false,"template":"","format":"standard","meta":{"footnotes":""},"categories":[7],"tags":[],"class_list":["post-2222","post","type-post","status-publish","format-standard","has-post-thumbnail","hentry","category-notas-de-prensa"],"_links":{"self":[{"href":"https:\/\/prensapresidencialvenezuela.gob.ve\/index.php\/wp-json\/wp\/v2\/posts\/2222","targetHints":{"allow":["GET"]}}],"collection":[{"href":"https:\/\/prensapresidencialvenezuela.gob.ve\/index.php\/wp-json\/wp\/v2\/posts"}],"about":[{"href":"https:\/\/prensapresidencialvenezuela.gob.ve\/index.php\/wp-json\/wp\/v2\/types\/post"}],"author":[{"embeddable":true,"href":"https:\/\/prensapresidencialvenezuela.gob.ve\/index.php\/wp-json\/wp\/v2\/users\/6"}],"replies":[{"embeddable":true,"href":"https:\/\/prensapresidencialvenezuela.gob.ve\/index.php\/wp-json\/wp\/v2\/comments?post=2222"}],"version-history":[{"count":1,"href":"https:\/\/prensapresidencialvenezuela.gob.ve\/index.php\/wp-json\/wp\/v2\/posts\/2222\/revisions"}],"predecessor-version":[{"id":2224,"href":"https:\/\/prensapresidencialvenezuela.gob.ve\/index.php\/wp-json\/wp\/v2\/posts\/2222\/revisions\/2224"}],"wp:featuredmedia":[{"embeddable":true,"href":"https:\/\/prensapresidencialvenezuela.gob.ve\/index.php\/wp-json\/wp\/v2\/media\/2223"}],"wp:attachment":[{"href":"https:\/\/prensapresidencialvenezuela.gob.ve\/index.php\/wp-json\/wp\/v2\/media?parent=2222"}],"wp:term":[{"taxonomy":"category","embeddable":true,"href":"https:\/\/prensapresidencialvenezuela.gob.ve\/index.php\/wp-json\/wp\/v2\/categories?post=2222"},{"taxonomy":"post_tag","embeddable":true,"href":"https:\/\/prensapresidencialvenezuela.gob.ve\/index.php\/wp-json\/wp\/v2\/tags?post=2222"}],"curies":[{"name":"wp","href":"https:\/\/api.w.org\/{rel}","templated":true}]}}