{"id":2228,"date":"2022-06-08T15:22:00","date_gmt":"2022-06-08T15:22:00","guid":{"rendered":"http:\/\/172.27.0.121\/?p=2228"},"modified":"2022-07-13T15:23:33","modified_gmt":"2022-07-13T15:23:33","slug":"presidente-maduro-recibe-honores-a-su-llegada-al-complejo-presidencial-de-turquia","status":"publish","type":"post","link":"https:\/\/prensapresidencialvenezuela.gob.ve\/index.php\/2022\/06\/08\/presidente-maduro-recibe-honores-a-su-llegada-al-complejo-presidencial-de-turquia\/","title":{"rendered":"Presidente Maduro recibe honores a su llegada al Complejo Presidencial de Turqu\u00eda"},"content":{"rendered":"\n<p><strong>Ankara, Turqu\u00eda.- <\/strong>A cuatro a\u00f1os de su \u00faltimo encuentro en suelo euroasi\u00e1tico, Nicol\u00e1s Maduro y Recep Tayyip Erdo\u011fan vuelven a estrechar sus manos como s\u00edmbolo de la hermandad que define las alianzas estrat\u00e9gicas entre Venezuela y Turqu\u00eda.<\/p>\n\n\n\n<p>La marcha acompasada de la caballer\u00eda turca, reconocible a distancia por sus uniformes de color turquesa, anuncia la llegada del veh\u00edculo que traslada al jefe de Estado venezolano en el contexto de su visita oficial en atenci\u00f3n a una invitaci\u00f3n realizada por el anfitri\u00f3n del Complejo Presidencial de Turqu\u00eda.<\/p>\n\n\n\n<p>Las banderas de la Rep\u00fablica de Turqu\u00eda y la Rep\u00fablica Bolivariana de Venezuela ondean al ritmo del viento en la medida que el redoble de tambores de la banda de guerra aumenta su intensidad como si anticipara la presencia de quien se ha convertido en un amigo incondicional del pueblo turco.<\/p>\n\n\n\n<p>Un brev\u00edsimo silencio confirma el transitar de Nicol\u00e1s Maduro por la alfombra turquesa que se extiende hasta la entrada del Complejo Presidencial de Turqu\u00eda, que albergar\u00e1 un di\u00e1logo amistoso entre los l\u00edderes de dos naciones que hoy se conciben como hermanas.<\/p>\n\n\n\n<p>Al descender del veh\u00edculo le espera su par turco, Recep Tayyip Erdo\u011fan, quien lo invita a pasar revista a la parada militar dispuesta para rendirle los honores correspondientes a su alta investidura. Previamente, se escucharon las tonadas del Himno Nacional de Turqu\u00eda <em>Istikl\u00e2l Marsi<\/em> y el Himno Nacional de Venezuela <em>Gloria al Bravo Pueblo<\/em>.<\/p>\n\n\n\n<p>El recorrido contin\u00faa con el tradicional saludo protocolar, aunque est\u00e1 vez cargado no solo de firmeza, sino tambi\u00e9n de compromiso irrenunciable por la continuidad de la cooperaci\u00f3n estrat\u00e9gica.<\/p>\n\n\n\n<p>Las grandes puertas doradas que dan entrada al edificio del Complejo Presidencial de Turqu\u00eda se abren completamente como pre\u00e1mbulo del encuentro que evaluar\u00e1 los pasos para fortalecer las alianzas bilaterales.<\/p>\n\n\n\n<p><strong>Prensa Presidencial\/Karelis Gonz\u00e1lez<\/strong><\/p>\n","protected":false},"excerpt":{"rendered":"<p>Ankara, Turqu\u00eda.- A cuatro a\u00f1os de su \u00faltimo encuentro en suelo euroasi\u00e1tico, Nicol\u00e1s Maduro y Recep Tayyip Erdo\u011fan vuelven a estrechar sus manos como s\u00edmbolo de la hermandad que define las alianzas estrat\u00e9gicas entre Venezuela y Turqu\u00eda. La marcha acompasada de la caballer\u00eda turca, reconocible a distancia por sus uniformes de color turquesa, anuncia la [&hellip;]<\/p>\n","protected":false},"author":6,"featured_media":2229,"comment_status":"open","ping_status":"open","sticky":false,"template":"","format":"standard","meta":{"footnotes":""},"categories":[7],"tags":[],"class_list":["post-2228","post","type-post","status-publish","format-standard","has-post-thumbnail","hentry","category-notas-de-prensa"],"_links":{"self":[{"href":"https:\/\/prensapresidencialvenezuela.gob.ve\/index.php\/wp-json\/wp\/v2\/posts\/2228","targetHints":{"allow":["GET"]}}],"collection":[{"href":"https:\/\/prensapresidencialvenezuela.gob.ve\/index.php\/wp-json\/wp\/v2\/posts"}],"about":[{"href":"https:\/\/prensapresidencialvenezuela.gob.ve\/index.php\/wp-json\/wp\/v2\/types\/post"}],"author":[{"embeddable":true,"href":"https:\/\/prensapresidencialvenezuela.gob.ve\/index.php\/wp-json\/wp\/v2\/users\/6"}],"replies":[{"embeddable":true,"href":"https:\/\/prensapresidencialvenezuela.gob.ve\/index.php\/wp-json\/wp\/v2\/comments?post=2228"}],"version-history":[{"count":1,"href":"https:\/\/prensapresidencialvenezuela.gob.ve\/index.php\/wp-json\/wp\/v2\/posts\/2228\/revisions"}],"predecessor-version":[{"id":2230,"href":"https:\/\/prensapresidencialvenezuela.gob.ve\/index.php\/wp-json\/wp\/v2\/posts\/2228\/revisions\/2230"}],"wp:featuredmedia":[{"embeddable":true,"href":"https:\/\/prensapresidencialvenezuela.gob.ve\/index.php\/wp-json\/wp\/v2\/media\/2229"}],"wp:attachment":[{"href":"https:\/\/prensapresidencialvenezuela.gob.ve\/index.php\/wp-json\/wp\/v2\/media?parent=2228"}],"wp:term":[{"taxonomy":"category","embeddable":true,"href":"https:\/\/prensapresidencialvenezuela.gob.ve\/index.php\/wp-json\/wp\/v2\/categories?post=2228"},{"taxonomy":"post_tag","embeddable":true,"href":"https:\/\/prensapresidencialvenezuela.gob.ve\/index.php\/wp-json\/wp\/v2\/tags?post=2228"}],"curies":[{"name":"wp","href":"https:\/\/api.w.org\/{rel}","templated":true}]}}