{"id":2264,"date":"2022-06-09T15:42:00","date_gmt":"2022-06-09T15:42:00","guid":{"rendered":"http:\/\/172.27.0.121\/?p=2264"},"modified":"2022-07-13T15:43:50","modified_gmt":"2022-07-13T15:43:50","slug":"venezuela-y-argelia-ratifican-su-solidaridad-ante-los-conflictos-de-palestina-saharaui-y-libia","status":"publish","type":"post","link":"https:\/\/prensapresidencialvenezuela.gob.ve\/index.php\/2022\/06\/09\/venezuela-y-argelia-ratifican-su-solidaridad-ante-los-conflictos-de-palestina-saharaui-y-libia\/","title":{"rendered":"Venezuela y Argelia ratifican su solidaridad ante los conflictos de Palestina, Saharaui y Libia"},"content":{"rendered":"\n<p><strong>Argel, Argelia.- <\/strong>Como parte del fortalecimiento de las relaciones bilaterales en el marco de la consolidaci\u00f3n de la geopol\u00edtica mundial entre Venezuela y Argelia, el presidente de la Rep\u00fablica, Nicol\u00e1s Maduro, inform\u00f3 que ambas naciones ratificaron su solidaridad y apoyo ante los conflictos de Palestina, Saharaui y Libia, respectivamente.<\/p>\n\n\n\n<p>Al ofrecer unas declaraciones, despu\u00e9s de una reuni\u00f3n ampliada con el Mandatario africano, Abdelmadjid Tebboune, el Jefe de Estado venezolano, expres\u00f3 que ambos pa\u00edses ratifican \u201cla m\u00e1s firme y amorosa solidaridad con la causa del pueblo palestino\u201d.<\/p>\n\n\n\n<p>En este sentido, acot\u00f3 que ambos pa\u00edses incrementar\u00e1n \u201clas acciones de nuestras Canciller\u00edas para denunciar los cr\u00edmenes que a diario se comenten contra ni\u00f1os, ni\u00f1as, mujeres y j\u00f3venes palestinos\u201d.<\/p>\n\n\n\n<p>Asimismo, el Dignatario expres\u00f3 su admiraci\u00f3n por la \u201cfirme posici\u00f3n de Argelia en la defensa de los derechos hist\u00f3ricos del pueblo Saharaui\u201d, al tiempo que inst\u00f3 a los pueblos del mundo a \u201cdespertar y reaccionar para salir a la protecci\u00f3n del pa\u00eds hermano. Es tiempo de solidaridad y apoyo del pueblo Saharaui\u201d.<\/p>\n\n\n\n<p>De igual manera, manifest\u00f3 su preocupaci\u00f3n por la situaci\u00f3n de Libia ante las elecciones de ese pa\u00eds. \u201cConsideramos a Libia un pueblo hermano y aspiramos que, m\u00e1s temprano que tarde se den las garant\u00edas para que se realicen las elecciones donde el pueblo libio pueda ejercer su soberan\u00eda (\u2026) y pueda iniciar la reconstrucci\u00f3n de una Libia independiente, soberana y democr\u00e1tica\u201d.<\/p>\n\n\n\n<p>Durante su visita a Argelia, el presidente Maduro desarrolla una agenda de trabajo en el marco de una gira euroasi\u00e1tica, en aras de fortalecer y consolidar acuerdos en materia de ciencia y tecnolog\u00eda, cultura, comunicaci\u00f3n, turismo, entre otros aspectos.<\/p>\n\n\n\n<p><strong>Prensa Presidencial\/Joelin Jim\u00e9nez<\/strong><\/p>\n","protected":false},"excerpt":{"rendered":"<p>Argel, Argelia.- Como parte del fortalecimiento de las relaciones bilaterales en el marco de la consolidaci\u00f3n de la geopol\u00edtica mundial entre Venezuela y Argelia, el presidente de la Rep\u00fablica, Nicol\u00e1s Maduro, inform\u00f3 que ambas naciones ratificaron su solidaridad y apoyo ante los conflictos de Palestina, Saharaui y Libia, respectivamente. Al ofrecer unas declaraciones, despu\u00e9s de [&hellip;]<\/p>\n","protected":false},"author":6,"featured_media":2265,"comment_status":"open","ping_status":"open","sticky":false,"template":"","format":"standard","meta":{"footnotes":""},"categories":[7],"tags":[],"class_list":["post-2264","post","type-post","status-publish","format-standard","has-post-thumbnail","hentry","category-notas-de-prensa"],"_links":{"self":[{"href":"https:\/\/prensapresidencialvenezuela.gob.ve\/index.php\/wp-json\/wp\/v2\/posts\/2264","targetHints":{"allow":["GET"]}}],"collection":[{"href":"https:\/\/prensapresidencialvenezuela.gob.ve\/index.php\/wp-json\/wp\/v2\/posts"}],"about":[{"href":"https:\/\/prensapresidencialvenezuela.gob.ve\/index.php\/wp-json\/wp\/v2\/types\/post"}],"author":[{"embeddable":true,"href":"https:\/\/prensapresidencialvenezuela.gob.ve\/index.php\/wp-json\/wp\/v2\/users\/6"}],"replies":[{"embeddable":true,"href":"https:\/\/prensapresidencialvenezuela.gob.ve\/index.php\/wp-json\/wp\/v2\/comments?post=2264"}],"version-history":[{"count":1,"href":"https:\/\/prensapresidencialvenezuela.gob.ve\/index.php\/wp-json\/wp\/v2\/posts\/2264\/revisions"}],"predecessor-version":[{"id":2266,"href":"https:\/\/prensapresidencialvenezuela.gob.ve\/index.php\/wp-json\/wp\/v2\/posts\/2264\/revisions\/2266"}],"wp:featuredmedia":[{"embeddable":true,"href":"https:\/\/prensapresidencialvenezuela.gob.ve\/index.php\/wp-json\/wp\/v2\/media\/2265"}],"wp:attachment":[{"href":"https:\/\/prensapresidencialvenezuela.gob.ve\/index.php\/wp-json\/wp\/v2\/media?parent=2264"}],"wp:term":[{"taxonomy":"category","embeddable":true,"href":"https:\/\/prensapresidencialvenezuela.gob.ve\/index.php\/wp-json\/wp\/v2\/categories?post=2264"},{"taxonomy":"post_tag","embeddable":true,"href":"https:\/\/prensapresidencialvenezuela.gob.ve\/index.php\/wp-json\/wp\/v2\/tags?post=2264"}],"curies":[{"name":"wp","href":"https:\/\/api.w.org\/{rel}","templated":true}]}}