{"id":2267,"date":"2022-06-09T15:44:00","date_gmt":"2022-06-09T15:44:00","guid":{"rendered":"http:\/\/172.27.0.121\/?p=2267"},"modified":"2022-07-13T15:45:06","modified_gmt":"2022-07-13T15:45:06","slug":"caracas-y-argel-relanzan-comision-mixta-de-alto-nivel","status":"publish","type":"post","link":"https:\/\/prensapresidencialvenezuela.gob.ve\/index.php\/2022\/06\/09\/caracas-y-argel-relanzan-comision-mixta-de-alto-nivel\/","title":{"rendered":"Caracas y Argel relanzan Comisi\u00f3n Mixta de Alto Nivel"},"content":{"rendered":"\n<p><strong>Argel, Argelia. \u2013<\/strong>La Rep\u00fablica Bolivariana de Venezuela y la Rep\u00fablica Argelina Democr\u00e1tica y Popular, relanzan Comisi\u00f3n Mixta de Alto Nivel, anunci\u00f3 el jefe de Estado venezolano, Nicol\u00e1s Maduro.<\/p>\n\n\n\n<p>En declaraciones conjuntas con su hom\u00f3logo argelino, AbdelmadjidTebboune, explic\u00f3 que este relanzamiento permitir\u00e1 a los equipos de ambas naciones elaborar mapa econ\u00f3mico, energ\u00e9tico, comercial, financiero, cultural, educativo, de trabajo conjunto y de prosperidad compartida.<\/p>\n\n\n\n<p>\u201cHemos decidido relanzar la Comisi\u00f3n Mixta de Alto Nivel, para que nuestros equipos de trabajo elaboren mapa\u201d, en las diversas \u00e1reas estrat\u00e9gicas, precis\u00f3.<\/p>\n\n\n\n<p>Sobre los temas bilaterales, el jefe de Estado detall\u00f3 que ha repasado junto a su par argelino los temas energ\u00e9ticos, petroleros, gas\u00edferos, agr\u00edcolas, ciencia y tecnolog\u00eda, educaci\u00f3n universitaria, y que, sobre esta base, han decidido construir una poderosa agenda econ\u00f3mica, comercial, financiera, de trabajo conjunto de prosperidad com\u00fan entre los dos pa\u00edses.<\/p>\n\n\n\n<p>A manera de reflexi\u00f3n, el Dignatario venezolano ilustr\u00f3 a los presentes en relaci\u00f3n a los ataques que ha enfrentado Venezuela en el campo econ\u00f3mico durante los \u00faltimos a\u00f1os.<\/p>\n\n\n\n<p>En ese contexto, se\u00f1al\u00f3: \u201cEn Venezuela hemos pasado a\u00f1os duros, en el a\u00f1o 2017, 2018, 2019, 2020, v\u00edctimas de una agresi\u00f3n imperial contra nuestra sociedad, contra nuestro Estado, contra nuestro pueblo, una guerra econ\u00f3mica brutal contra nuestra industria petrolera, contra nuestra toda la econom\u00eda, contra la moneda\u201d.<\/p>\n\n\n\n<p>El Mandatario nacional ratific\u00f3 que, en ese escenario, la naci\u00f3n suramericana tuvo que \u201cadoptar un esquema de econom\u00eda de guerra, de econom\u00eda de resistencia. Y hemos, paso a paso, avanzado hac\u00eda un proceso de recuperaci\u00f3n de la econom\u00eda real, de diversificaci\u00f3n de la econom\u00eda\u201d.<\/p>\n\n\n\n<p>Indic\u00f3 que el a\u00f1o 2021 fue el primer a\u00f1o del inicio de una recuperaci\u00f3n estable, autosostenida y de crecimiento para los a\u00f1os que est\u00e1n por venir.<\/p>\n\n\n\n<p>\u201cVamos hac\u00eda la construcci\u00f3n de una nueva econom\u00eda diversificada productora de bienes, de servicios, nuevas fuentes de riqueza para nuestro pa\u00eds (\u2026) La clave ha sido confiar en la conciencia superior del pueblo. Construir valores de resistencia, de trabajo, de esfuerzo en nuestro pueblo; y estamos saliendo adelante con esfuerzo propio\u201d.<\/p>\n\n\n\n<p>El presidente Maduro refiri\u00f3 que este a\u00f1o 2022 se mantiene el ritmo del crecimiento de la econom\u00eda real. \u201cEs otro mundo ya, es el mundo de los que luchan, de los que resisten, de los que creen en el futuro\u201d.<\/p>\n\n\n\n<p><strong>Prensa Presidencial\/Ana\u00eds P\u00e9rez<\/strong><\/p>\n","protected":false},"excerpt":{"rendered":"<p>Argel, Argelia. \u2013La Rep\u00fablica Bolivariana de Venezuela y la Rep\u00fablica Argelina Democr\u00e1tica y Popular, relanzan Comisi\u00f3n Mixta de Alto Nivel, anunci\u00f3 el jefe de Estado venezolano, Nicol\u00e1s Maduro. En declaraciones conjuntas con su hom\u00f3logo argelino, AbdelmadjidTebboune, explic\u00f3 que este relanzamiento permitir\u00e1 a los equipos de ambas naciones elaborar mapa econ\u00f3mico, energ\u00e9tico, comercial, financiero, cultural, educativo, [&hellip;]<\/p>\n","protected":false},"author":6,"featured_media":2268,"comment_status":"open","ping_status":"open","sticky":false,"template":"","format":"standard","meta":{"footnotes":""},"categories":[7],"tags":[],"class_list":["post-2267","post","type-post","status-publish","format-standard","has-post-thumbnail","hentry","category-notas-de-prensa"],"_links":{"self":[{"href":"https:\/\/prensapresidencialvenezuela.gob.ve\/index.php\/wp-json\/wp\/v2\/posts\/2267","targetHints":{"allow":["GET"]}}],"collection":[{"href":"https:\/\/prensapresidencialvenezuela.gob.ve\/index.php\/wp-json\/wp\/v2\/posts"}],"about":[{"href":"https:\/\/prensapresidencialvenezuela.gob.ve\/index.php\/wp-json\/wp\/v2\/types\/post"}],"author":[{"embeddable":true,"href":"https:\/\/prensapresidencialvenezuela.gob.ve\/index.php\/wp-json\/wp\/v2\/users\/6"}],"replies":[{"embeddable":true,"href":"https:\/\/prensapresidencialvenezuela.gob.ve\/index.php\/wp-json\/wp\/v2\/comments?post=2267"}],"version-history":[{"count":1,"href":"https:\/\/prensapresidencialvenezuela.gob.ve\/index.php\/wp-json\/wp\/v2\/posts\/2267\/revisions"}],"predecessor-version":[{"id":2269,"href":"https:\/\/prensapresidencialvenezuela.gob.ve\/index.php\/wp-json\/wp\/v2\/posts\/2267\/revisions\/2269"}],"wp:featuredmedia":[{"embeddable":true,"href":"https:\/\/prensapresidencialvenezuela.gob.ve\/index.php\/wp-json\/wp\/v2\/media\/2268"}],"wp:attachment":[{"href":"https:\/\/prensapresidencialvenezuela.gob.ve\/index.php\/wp-json\/wp\/v2\/media?parent=2267"}],"wp:term":[{"taxonomy":"category","embeddable":true,"href":"https:\/\/prensapresidencialvenezuela.gob.ve\/index.php\/wp-json\/wp\/v2\/categories?post=2267"},{"taxonomy":"post_tag","embeddable":true,"href":"https:\/\/prensapresidencialvenezuela.gob.ve\/index.php\/wp-json\/wp\/v2\/tags?post=2267"}],"curies":[{"name":"wp","href":"https:\/\/api.w.org\/{rel}","templated":true}]}}