{"id":2273,"date":"2022-06-09T15:46:00","date_gmt":"2022-06-09T15:46:00","guid":{"rendered":"http:\/\/172.27.0.121\/?p=2273"},"modified":"2022-07-13T15:47:52","modified_gmt":"2022-07-13T15:47:52","slug":"presidente-maduro-rinde-honores-ante-el-monumento-de-los-martires","status":"publish","type":"post","link":"https:\/\/prensapresidencialvenezuela.gob.ve\/index.php\/2022\/06\/09\/presidente-maduro-rinde-honores-ante-el-monumento-de-los-martires\/","title":{"rendered":"Presidente Maduro rinde honores ante el Monumento de los M\u00e1rtires"},"content":{"rendered":"\n<p><strong>Argel, Argelia.-<\/strong> El presidente de la Rep\u00fablica Bolivariana de Venezuela, Nicol\u00e1s Maduro, presenta este jueves 9 de junio, una ofrenda floral en el Monumento de los M\u00e1rtires, a fin de rendir tributo a los h\u00e9roes que lucharon por la independencia de Argelia.<\/p>\n\n\n\n<p>El Monumento de los M\u00e1rtires fue inaugurado en 1982, siendo el eje de las celebraciones del 20 aniversario de la guerra contra la ocupaci\u00f3n francesa y la consiguiente independencia de Argelia.<\/p>\n\n\n\n<p>Su particular silueta tiene forma de tres hojas de palmera, bajo las cuales se ha colocado una llama eterna en honor a los soldados ca\u00eddos. A los pies de cada enorme hoja de hormig\u00f3n se encuentra una estatua de un soldado.<\/p>\n\n\n\n<p>Visible desde cualquier punto de la ciudad, el Monumento de los M\u00e1rtires es uno de los elementos m\u00e1s representativos de la ciudad de Argel. Una mole de dimensiones impresionantes cuya silueta destaca tanto por el d\u00eda como por la noche, ya que cuando cae el sol se ilumina con los colores de la bandera de Argelia.<\/p>\n\n\n\n<p>En compa\u00f1\u00eda del ministro de Energ\u00eda de Argelia, el jefe de Estado visit\u00f3 adem\u00e1s el Museo de la Revoluci\u00f3n, espacio hist\u00f3rico que exhibe una basta colecci\u00f3n de la guerra de la independencia.<\/p>\n\n\n\n<p>En este espacio el Mandatario nacional pudo observar una representaci\u00f3n de armas y utensilios b\u00e9licos.<\/p>\n\n\n\n<p>A la salida del recinto, el Mandatario venezolano firm\u00f3 el libro de visitas, en el cual escribi\u00f3: \u201cCon afecto bolivariano, dejamos nuestro saludo de admiraci\u00f3n por la historia heroica de batallas y victorias del pueblo argelino. Desde la Patria de Sim\u00f3n Bol\u00edvar y Hugo Ch\u00e1vez juramos nuestra amistad eterna con el heroico pueblo de Argelia \u00a1Que viva la uni\u00f3n de nuestro pueblo!\u201d<\/p>\n\n\n\n<p><strong>Prensa Presidencial\/Karla Cotoret<\/strong><\/p>\n","protected":false},"excerpt":{"rendered":"<p>Argel, Argelia.- El presidente de la Rep\u00fablica Bolivariana de Venezuela, Nicol\u00e1s Maduro, presenta este jueves 9 de junio, una ofrenda floral en el Monumento de los M\u00e1rtires, a fin de rendir tributo a los h\u00e9roes que lucharon por la independencia de Argelia. El Monumento de los M\u00e1rtires fue inaugurado en 1982, siendo el eje de [&hellip;]<\/p>\n","protected":false},"author":6,"featured_media":2274,"comment_status":"open","ping_status":"open","sticky":false,"template":"","format":"standard","meta":{"footnotes":""},"categories":[7],"tags":[],"class_list":["post-2273","post","type-post","status-publish","format-standard","has-post-thumbnail","hentry","category-notas-de-prensa"],"_links":{"self":[{"href":"https:\/\/prensapresidencialvenezuela.gob.ve\/index.php\/wp-json\/wp\/v2\/posts\/2273","targetHints":{"allow":["GET"]}}],"collection":[{"href":"https:\/\/prensapresidencialvenezuela.gob.ve\/index.php\/wp-json\/wp\/v2\/posts"}],"about":[{"href":"https:\/\/prensapresidencialvenezuela.gob.ve\/index.php\/wp-json\/wp\/v2\/types\/post"}],"author":[{"embeddable":true,"href":"https:\/\/prensapresidencialvenezuela.gob.ve\/index.php\/wp-json\/wp\/v2\/users\/6"}],"replies":[{"embeddable":true,"href":"https:\/\/prensapresidencialvenezuela.gob.ve\/index.php\/wp-json\/wp\/v2\/comments?post=2273"}],"version-history":[{"count":1,"href":"https:\/\/prensapresidencialvenezuela.gob.ve\/index.php\/wp-json\/wp\/v2\/posts\/2273\/revisions"}],"predecessor-version":[{"id":2275,"href":"https:\/\/prensapresidencialvenezuela.gob.ve\/index.php\/wp-json\/wp\/v2\/posts\/2273\/revisions\/2275"}],"wp:featuredmedia":[{"embeddable":true,"href":"https:\/\/prensapresidencialvenezuela.gob.ve\/index.php\/wp-json\/wp\/v2\/media\/2274"}],"wp:attachment":[{"href":"https:\/\/prensapresidencialvenezuela.gob.ve\/index.php\/wp-json\/wp\/v2\/media?parent=2273"}],"wp:term":[{"taxonomy":"category","embeddable":true,"href":"https:\/\/prensapresidencialvenezuela.gob.ve\/index.php\/wp-json\/wp\/v2\/categories?post=2273"},{"taxonomy":"post_tag","embeddable":true,"href":"https:\/\/prensapresidencialvenezuela.gob.ve\/index.php\/wp-json\/wp\/v2\/tags?post=2273"}],"curies":[{"name":"wp","href":"https:\/\/api.w.org\/{rel}","templated":true}]}}