{"id":23012,"date":"2025-08-19T18:41:36","date_gmt":"2025-08-19T22:41:36","guid":{"rendered":"https:\/\/prensapresidencialvenezuela.gob.ve\/?p=23012"},"modified":"2025-08-19T18:42:53","modified_gmt":"2025-08-19T22:42:53","slug":"cuadrantes-de-paz-en-circuitos-comunales-blindaje-perfecto-para-la-seguridad-ciudadana","status":"publish","type":"post","link":"https:\/\/prensapresidencialvenezuela.gob.ve\/index.php\/2025\/08\/19\/cuadrantes-de-paz-en-circuitos-comunales-blindaje-perfecto-para-la-seguridad-ciudadana\/","title":{"rendered":"Cuadrantes de Paz en Circuitos Comunales: Blindaje perfecto para la seguridad ciudadana"},"content":{"rendered":"\n<p><\/p>\n\n\n\n<p><strong>Municipio Libertador, Caracas.-<\/strong> Como parte de la consolidaci\u00f3n de la Tercera Transformaci\u00f3n (3T) del Plan de la Patria, se fortalecer\u00e1n los Cuadrantes de Paz en seis ejes de la comunidad de El Guarataro, donde el enfoque integral es el afianzamiento del plan de las 7T, la paz, soberan\u00eda, seguridad y empoderamiento del Poder Popular.<\/p>\n\n\n\n<p>Desde el populoso sector del Guarataro, en la parroquia San Juan, el presidente de la Rep\u00fablica Bolivariana de Venezuela, Nicol\u00e1s Maduro Moros, relanzar\u00e1 la gesti\u00f3n de los Cuadrantes de Paz en Caracas.<\/p>\n\n\n\n<p>En este orden de ideas, el establecimiento de los Cuadrantes de Paz en las 5 336 Comunas y Circuitos Comunales del pa\u00eds, son parte de la tercera l\u00ednea de transformaci\u00f3n del Plan de las 7 T y esenciales para la territorializaci\u00f3n, la paz y el blindaje de la Rep\u00fablica.<\/p>\n\n\n\n<p>Por tanto, en el territorio nacional ya se han adecuado 2 703 Cuadrantes de Paz y cada uno contar\u00e1 con un tel\u00e9fono celular de alta gama, para una comunicaci\u00f3n efectiva y eficiente con los efectivos de seguridad al momento que ocurra alg\u00fan incidente; adem\u00e1s de adjudic\u00e1rsele veh\u00edculos motorizados y camionetas para patrullajes.<\/p>\n\n\n\n<p>En este sentido, es importante mencionar que esta puesta en marcha tiene la finalidad de proteger y resguardar a m\u00e1s de 6 mil habitantes que residen en el Guarataro, representados por 2 700 familias.<\/p>\n\n\n\n<p><\/p>\n\n\n\n<figure class=\"wp-block-image size-large\"><img fetchpriority=\"high\" decoding=\"async\" width=\"1024\" height=\"682\" src=\"https:\/\/prensapresidencialvenezuela.gob.ve\/wp-content\/uploads\/2025\/08\/photo_4983254136560660644_y-1024x682.jpg\" alt=\"\" class=\"wp-image-23027\" srcset=\"https:\/\/prensapresidencialvenezuela.gob.ve\/wp-content\/uploads\/2025\/08\/photo_4983254136560660644_y-1024x682.jpg 1024w, https:\/\/prensapresidencialvenezuela.gob.ve\/wp-content\/uploads\/2025\/08\/photo_4983254136560660644_y-300x200.jpg 300w, https:\/\/prensapresidencialvenezuela.gob.ve\/wp-content\/uploads\/2025\/08\/photo_4983254136560660644_y-768x512.jpg 768w, https:\/\/prensapresidencialvenezuela.gob.ve\/wp-content\/uploads\/2025\/08\/photo_4983254136560660644_y.jpg 1280w\" sizes=\"(max-width: 1024px) 100vw, 1024px\" \/><\/figure>\n\n\n\n<p><strong>Balance de la Comuna Socialista Hugo Ch\u00e1vez<\/strong><\/p>\n\n\n\n<p>Respecto al proceso organizativo en el sector, existen actualmente 7 consejos comunales que se mantienen conectados mediante la Base de Misiones Hugo Ch\u00e1vez y Sala de Autogobierno Popular, que a trav\u00e9s de las Agendas Concretas de Acci\u00f3n (AC\u00c1), mantienen enlaces directos con los ciudadanos del lugar, en aras de dar cumplimiento al monitoreo de cada uno de los proyectos comunitarios que deben ser ejecutados al 100%.<\/p>\n\n\n\n<p>En la comunidad de El Guarataro se ha instalado una Planta Potabilizadora que atender\u00e1 a un aproximado de 70 familias a diario, y seis (6) peque\u00f1os emprendimientos, que ya funcionaban anteriormente y fueron fortalecidos con el Plan Bodega, para abastecer con alimentos, bebidas, chucher\u00edas, hortalizas, embutidos, entre otros, a los habitantes de la comunidad.<\/p>\n\n\n\n<p>Por \u00faltimo, es relevante subrayar que la Tercera Transformaci\u00f3n (3T) ser\u00e1 el eje vertebral de la organizaci\u00f3n comunal, as\u00ed como la Quinta Transformaci\u00f3n (5T), que est\u00e1 enfocada en fortalecer el poder comunal, profundizar la participaci\u00f3n ciudadana en la toma de decisiones y la gesti\u00f3n de recursos para una mayor integraci\u00f3n de las comunidades en la construcci\u00f3n de su propio futuro.&nbsp; <\/p>\n\n\n\n<p><strong>Prensa Presidencial\/ Irmary D\u00edaz<\/strong><\/p>\n","protected":false},"excerpt":{"rendered":"<p>Municipio Libertador, Caracas.- Como parte de la consolidaci\u00f3n de la Tercera Transformaci\u00f3n (3T) del Plan de la Patria, se fortalecer\u00e1n los Cuadrantes de Paz en seis ejes de la comunidad de El Guarataro, donde el enfoque integral es el afianzamiento del plan de las 7T, la paz, soberan\u00eda, seguridad y empoderamiento del Poder Popular. Desde [&hellip;]<\/p>\n","protected":false},"author":1,"featured_media":23043,"comment_status":"open","ping_status":"open","sticky":false,"template":"","format":"standard","meta":{"footnotes":""},"categories":[18,7],"tags":[1778,19,557,27,593,20],"class_list":["post-23012","post","type-post","status-publish","format-standard","has-post-thumbnail","hentry","category-noticias-principales","category-notas-de-prensa","tag-cuadrantes-de-paz","tag-nicolas-maduro","tag-paz","tag-revolucion-bolivariana","tag-seguridad","tag-venezuela"],"_links":{"self":[{"href":"https:\/\/prensapresidencialvenezuela.gob.ve\/index.php\/wp-json\/wp\/v2\/posts\/23012","targetHints":{"allow":["GET"]}}],"collection":[{"href":"https:\/\/prensapresidencialvenezuela.gob.ve\/index.php\/wp-json\/wp\/v2\/posts"}],"about":[{"href":"https:\/\/prensapresidencialvenezuela.gob.ve\/index.php\/wp-json\/wp\/v2\/types\/post"}],"author":[{"embeddable":true,"href":"https:\/\/prensapresidencialvenezuela.gob.ve\/index.php\/wp-json\/wp\/v2\/users\/1"}],"replies":[{"embeddable":true,"href":"https:\/\/prensapresidencialvenezuela.gob.ve\/index.php\/wp-json\/wp\/v2\/comments?post=23012"}],"version-history":[{"count":4,"href":"https:\/\/prensapresidencialvenezuela.gob.ve\/index.php\/wp-json\/wp\/v2\/posts\/23012\/revisions"}],"predecessor-version":[{"id":23064,"href":"https:\/\/prensapresidencialvenezuela.gob.ve\/index.php\/wp-json\/wp\/v2\/posts\/23012\/revisions\/23064"}],"wp:featuredmedia":[{"embeddable":true,"href":"https:\/\/prensapresidencialvenezuela.gob.ve\/index.php\/wp-json\/wp\/v2\/media\/23043"}],"wp:attachment":[{"href":"https:\/\/prensapresidencialvenezuela.gob.ve\/index.php\/wp-json\/wp\/v2\/media?parent=23012"}],"wp:term":[{"taxonomy":"category","embeddable":true,"href":"https:\/\/prensapresidencialvenezuela.gob.ve\/index.php\/wp-json\/wp\/v2\/categories?post=23012"},{"taxonomy":"post_tag","embeddable":true,"href":"https:\/\/prensapresidencialvenezuela.gob.ve\/index.php\/wp-json\/wp\/v2\/tags?post=23012"}],"curies":[{"name":"wp","href":"https:\/\/api.w.org\/{rel}","templated":true}]}}