{"id":23065,"date":"2025-08-19T19:27:26","date_gmt":"2025-08-19T23:27:26","guid":{"rendered":"https:\/\/prensapresidencialvenezuela.gob.ve\/?p=23065"},"modified":"2025-08-19T19:27:27","modified_gmt":"2025-08-19T23:27:27","slug":"casas-de-el-guarataro-seran-reacondicionadas-por-juntos-todo-es-posible","status":"publish","type":"post","link":"https:\/\/prensapresidencialvenezuela.gob.ve\/index.php\/2025\/08\/19\/casas-de-el-guarataro-seran-reacondicionadas-por-juntos-todo-es-posible\/","title":{"rendered":"Casas de El Guarataro ser\u00e1n reacondicionadas por \u00abJuntos Todo es Posible\u00bb"},"content":{"rendered":"\n<p><\/p>\n\n\n\n<p><strong>Municipio Libertador, Caracas.-<\/strong> El presidente de la Rep\u00fablica Bolivariana de Venezuela, Nicol\u00e1s Maduro Moros, desde la Comuna Socialista Antonio Jos\u00e9 de Sucre de la barriada caraque\u00f1a, El Guarataro, instruy\u00f3 a la Corporaci\u00f3n \u00abJuntos Todo es Posible\u00bb el arreglo y acondicionamiento inmediato de todas las casas de la comunidad para que est\u00e9n en las mejores condiciones.<\/p>\n\n\n\n<p>Haciendo un recuento anecd\u00f3tico de su juventud rebelde, el Presidente venezolano narr\u00f3 c\u00f3mo fue su primera vez en este barrio caraque\u00f1o, siendo un estudiante de bachillerato. Asegur\u00f3 que es un experto en persecuci\u00f3n, luego de haber superado aquellas protestas estudiantiles en las que eran combatidos \u00aba punta de plomo\u00bb por los cuerpos de seguridad del momento.<\/p>\n\n\n\n<p><\/p>\n\n\n\n<figure class=\"wp-block-image size-large\"><img fetchpriority=\"high\" decoding=\"async\" width=\"1024\" height=\"682\" src=\"https:\/\/prensapresidencialvenezuela.gob.ve\/wp-content\/uploads\/2025\/08\/photo_4983254136560660701_y-1024x682.jpg\" alt=\"\" class=\"wp-image-23050\" srcset=\"https:\/\/prensapresidencialvenezuela.gob.ve\/wp-content\/uploads\/2025\/08\/photo_4983254136560660701_y-1024x682.jpg 1024w, https:\/\/prensapresidencialvenezuela.gob.ve\/wp-content\/uploads\/2025\/08\/photo_4983254136560660701_y-300x200.jpg 300w, https:\/\/prensapresidencialvenezuela.gob.ve\/wp-content\/uploads\/2025\/08\/photo_4983254136560660701_y-768x512.jpg 768w, https:\/\/prensapresidencialvenezuela.gob.ve\/wp-content\/uploads\/2025\/08\/photo_4983254136560660701_y.jpg 1280w\" sizes=\"(max-width: 1024px) 100vw, 1024px\" \/><\/figure>\n\n\n\n<p><strong>Juventud caraque\u00f1a desplegada<\/strong><\/p>\n\n\n\n<p>El jefe de Estado, Nicol\u00e1s Maduro, explic\u00f3 a la comunidad que \u00ablos procesos tienen que estar en las manos, en el coraz\u00f3n y la mente de un pueblo, para que un pueblo de verdad sea libre, para que un pueblo no pueda ser enga\u00f1ado nuevamente. Ahora le toca a la juventud participar\u00bb.<\/p>\n\n\n\n<p>En este sentido, la joven April \u00c1ngeles, residente de El Guarataro expres\u00f3 con gran emoci\u00f3n que la juventud venezolana tiene grandes posibilidades y potencialidades para ser la mejor generaci\u00f3n hacia el futuro que haya tenido Venezuela, si saben asumir sus retos, educarse y unirse para defender la patria.<\/p>\n\n\n\n<p>\u00c1ngeles agreg\u00f3 que los j\u00f3venes de la Comuna Socialista Antonio Jos\u00e9 de Sucre est\u00e1n comprometidos con las 7 l\u00edneas de acci\u00f3n simult\u00e1neas al desarrollo del Plan de la Patria, en la que anteponen la 3T por la paz, la seguridad p\u00fablica y la soberan\u00eda del pa\u00eds.<\/p>\n\n\n\n<figure class=\"wp-block-image size-large\"><img decoding=\"async\" width=\"1024\" height=\"657\" src=\"https:\/\/prensapresidencialvenezuela.gob.ve\/wp-content\/uploads\/2025\/08\/photo_4983254136560660713_y-1024x657.jpg\" alt=\"\" class=\"wp-image-23069\" srcset=\"https:\/\/prensapresidencialvenezuela.gob.ve\/wp-content\/uploads\/2025\/08\/photo_4983254136560660713_y-1024x657.jpg 1024w, https:\/\/prensapresidencialvenezuela.gob.ve\/wp-content\/uploads\/2025\/08\/photo_4983254136560660713_y-300x192.jpg 300w, https:\/\/prensapresidencialvenezuela.gob.ve\/wp-content\/uploads\/2025\/08\/photo_4983254136560660713_y-768x493.jpg 768w, https:\/\/prensapresidencialvenezuela.gob.ve\/wp-content\/uploads\/2025\/08\/photo_4983254136560660713_y.jpg 1280w\" sizes=\"(max-width: 1024px) 100vw, 1024px\" \/><\/figure>\n\n\n\n<p><strong>Prensa Presidencial\/ Claudia Guerra M\u00e9ndez<\/strong><\/p>\n","protected":false},"excerpt":{"rendered":"<p>Municipio Libertador, Caracas.- El presidente de la Rep\u00fablica Bolivariana de Venezuela, Nicol\u00e1s Maduro Moros, desde la Comuna Socialista Antonio Jos\u00e9 de Sucre de la barriada caraque\u00f1a, El Guarataro, instruy\u00f3 a la Corporaci\u00f3n \u00abJuntos Todo es Posible\u00bb el arreglo y acondicionamiento inmediato de todas las casas de la comunidad para que est\u00e9n en las mejores condiciones. [&hellip;]<\/p>\n","protected":false},"author":1,"featured_media":23032,"comment_status":"open","ping_status":"open","sticky":false,"template":"","format":"standard","meta":{"footnotes":""},"categories":[18,7],"tags":[191,1778,19,557,27,20],"class_list":["post-23065","post","type-post","status-publish","format-standard","has-post-thumbnail","hentry","category-noticias-principales","category-notas-de-prensa","tag-caracas","tag-cuadrantes-de-paz","tag-nicolas-maduro","tag-paz","tag-revolucion-bolivariana","tag-venezuela"],"_links":{"self":[{"href":"https:\/\/prensapresidencialvenezuela.gob.ve\/index.php\/wp-json\/wp\/v2\/posts\/23065","targetHints":{"allow":["GET"]}}],"collection":[{"href":"https:\/\/prensapresidencialvenezuela.gob.ve\/index.php\/wp-json\/wp\/v2\/posts"}],"about":[{"href":"https:\/\/prensapresidencialvenezuela.gob.ve\/index.php\/wp-json\/wp\/v2\/types\/post"}],"author":[{"embeddable":true,"href":"https:\/\/prensapresidencialvenezuela.gob.ve\/index.php\/wp-json\/wp\/v2\/users\/1"}],"replies":[{"embeddable":true,"href":"https:\/\/prensapresidencialvenezuela.gob.ve\/index.php\/wp-json\/wp\/v2\/comments?post=23065"}],"version-history":[{"count":2,"href":"https:\/\/prensapresidencialvenezuela.gob.ve\/index.php\/wp-json\/wp\/v2\/posts\/23065\/revisions"}],"predecessor-version":[{"id":23081,"href":"https:\/\/prensapresidencialvenezuela.gob.ve\/index.php\/wp-json\/wp\/v2\/posts\/23065\/revisions\/23081"}],"wp:featuredmedia":[{"embeddable":true,"href":"https:\/\/prensapresidencialvenezuela.gob.ve\/index.php\/wp-json\/wp\/v2\/media\/23032"}],"wp:attachment":[{"href":"https:\/\/prensapresidencialvenezuela.gob.ve\/index.php\/wp-json\/wp\/v2\/media?parent=23065"}],"wp:term":[{"taxonomy":"category","embeddable":true,"href":"https:\/\/prensapresidencialvenezuela.gob.ve\/index.php\/wp-json\/wp\/v2\/categories?post=23065"},{"taxonomy":"post_tag","embeddable":true,"href":"https:\/\/prensapresidencialvenezuela.gob.ve\/index.php\/wp-json\/wp\/v2\/tags?post=23065"}],"curies":[{"name":"wp","href":"https:\/\/api.w.org\/{rel}","templated":true}]}}