{"id":23067,"date":"2025-08-19T20:21:55","date_gmt":"2025-08-20T00:21:55","guid":{"rendered":"https:\/\/prensapresidencialvenezuela.gob.ve\/?p=23067"},"modified":"2025-08-19T20:21:56","modified_gmt":"2025-08-20T00:21:56","slug":"condecoracion-orden-por-la-paz-fue-otorgada-a-funcionarios-de-seguridad-del-estado","status":"publish","type":"post","link":"https:\/\/prensapresidencialvenezuela.gob.ve\/index.php\/2025\/08\/19\/condecoracion-orden-por-la-paz-fue-otorgada-a-funcionarios-de-seguridad-del-estado\/","title":{"rendered":"Condecoraci\u00f3n \u00abOrden por la paz\u00bb fue otorgada a funcionarios de seguridad del Estado"},"content":{"rendered":"\n<p><\/p>\n\n\n\n<p><strong>Municipio Libertador, Caracas.\u2013<\/strong> Este martes, el Mandatario nacional de la Rep\u00fablica Bolivariana de Venezuela, Nicol\u00e1s Maduro Moros, presidi\u00f3 la ceremonia de condecoraci\u00f3n de 27 oficiales de distintos cuerpos de seguridad del Estado, como reconocimiento a su labor destacada en el reguardo de la seguridad y paz de la naci\u00f3n.<\/p>\n\n\n\n<blockquote class=\"wp-block-quote is-layout-flow wp-block-quote-is-layout-flow\">\n<p>La condecoraci\u00f3n ha sido denominada \u00abOrden por la paz\u00bb, en su \u00danica Clase,&nbsp; a funcionarios del Cuerpo de Investigaciones Cient\u00edficas, Penales y Criminal\u00edsticas (CICPC), la Direcci\u00f3n General de Contrainteligencia Militar (DGCIM), y el Cuerpo de Polic\u00eda Nacional Bolivariana (PNB).<\/p>\n<\/blockquote>\n\n\n\n<p>En este orden de ideas, el Presidente manifest\u00f3 que esta condecoraci\u00f3n tiene un gran significado para el pa\u00eds; ya que estos hombres de la Patria, presentes en el acto con su uniforme de las fuerzas policiales y militares, son los que garantizan la paz y seguridad ciudadana.<\/p>\n\n\n\n<p><\/p>\n\n\n\n<figure class=\"wp-block-image size-large\"><img fetchpriority=\"high\" decoding=\"async\" width=\"1024\" height=\"682\" src=\"https:\/\/prensapresidencialvenezuela.gob.ve\/wp-content\/uploads\/2025\/08\/photo_4983254136560660728_y-1024x682.jpg\" alt=\"\" class=\"wp-image-23074\" srcset=\"https:\/\/prensapresidencialvenezuela.gob.ve\/wp-content\/uploads\/2025\/08\/photo_4983254136560660728_y-1024x682.jpg 1024w, https:\/\/prensapresidencialvenezuela.gob.ve\/wp-content\/uploads\/2025\/08\/photo_4983254136560660728_y-300x200.jpg 300w, https:\/\/prensapresidencialvenezuela.gob.ve\/wp-content\/uploads\/2025\/08\/photo_4983254136560660728_y-768x512.jpg 768w, https:\/\/prensapresidencialvenezuela.gob.ve\/wp-content\/uploads\/2025\/08\/photo_4983254136560660728_y.jpg 1280w\" sizes=\"(max-width: 1024px) 100vw, 1024px\" \/><\/figure>\n\n\n\n<p>Asimismo, el Dignatario resalt\u00f3 que estos oficiales&nbsp; neutralizaron el ataque terrorista en Plaza Venezuela y, adem\u00e1s, fueron en la b\u00fasqueda y captura de cada uno de los implicados y autores intelectuales de este acto delictivo. Sobre este mismo tema, reiter\u00f3 que estos ataques son financiados por el gobierno de los Estados Unidos y la extrema derecha venezolana con el objetivo de debilitar la soberan\u00eda.<\/p>\n\n\n\n<p>Las mencionadas distinciones tambi\u00e9n se entregaron como reconocimiento a la participaci\u00f3n activa de los funcionarios en los planes de seguridad locales o nacionales que buscan fortalecer la convivencia pac\u00edfica y el cumplimiento de los derechos ciudadanos.<\/p>\n\n\n\n<p>Es importante acotar que el L\u00edder revolucionario ha informado, en diferentes actividades, que cada Cuadrante de Paz cuenta con todas sus herramientas y equipos tecnol\u00f3gicos para fortalecer su capacidad de respuesta y defensa del pueblo.<\/p>\n\n\n\n<p><\/p>\n\n\n\n<figure class=\"wp-block-image size-large\"><img decoding=\"async\" width=\"1024\" height=\"682\" src=\"https:\/\/prensapresidencialvenezuela.gob.ve\/wp-content\/uploads\/2025\/08\/photo_4983254136560660729_y-1024x682.jpg\" alt=\"\" class=\"wp-image-23075\" srcset=\"https:\/\/prensapresidencialvenezuela.gob.ve\/wp-content\/uploads\/2025\/08\/photo_4983254136560660729_y-1024x682.jpg 1024w, https:\/\/prensapresidencialvenezuela.gob.ve\/wp-content\/uploads\/2025\/08\/photo_4983254136560660729_y-300x200.jpg 300w, https:\/\/prensapresidencialvenezuela.gob.ve\/wp-content\/uploads\/2025\/08\/photo_4983254136560660729_y-768x512.jpg 768w, https:\/\/prensapresidencialvenezuela.gob.ve\/wp-content\/uploads\/2025\/08\/photo_4983254136560660729_y.jpg 1280w\" sizes=\"(max-width: 1024px) 100vw, 1024px\" \/><\/figure>\n\n\n\n<p><strong>&nbsp;Prensa Presidencial\/ Irmary D\u00edaz<\/strong><\/p>\n\n\n\n<p><\/p>\n","protected":false},"excerpt":{"rendered":"<p>Municipio Libertador, Caracas.\u2013 Este martes, el Mandatario nacional de la Rep\u00fablica Bolivariana de Venezuela, Nicol\u00e1s Maduro Moros, presidi\u00f3 la ceremonia de condecoraci\u00f3n de 27 oficiales de distintos cuerpos de seguridad del Estado, como reconocimiento a su labor destacada en el reguardo de la seguridad y paz de la naci\u00f3n. La condecoraci\u00f3n ha sido denominada \u00abOrden [&hellip;]<\/p>\n","protected":false},"author":1,"featured_media":23078,"comment_status":"open","ping_status":"open","sticky":false,"template":"","format":"standard","meta":{"footnotes":""},"categories":[18,7],"tags":[191,1778,19,557,27,20],"class_list":["post-23067","post","type-post","status-publish","format-standard","has-post-thumbnail","hentry","category-noticias-principales","category-notas-de-prensa","tag-caracas","tag-cuadrantes-de-paz","tag-nicolas-maduro","tag-paz","tag-revolucion-bolivariana","tag-venezuela"],"_links":{"self":[{"href":"https:\/\/prensapresidencialvenezuela.gob.ve\/index.php\/wp-json\/wp\/v2\/posts\/23067","targetHints":{"allow":["GET"]}}],"collection":[{"href":"https:\/\/prensapresidencialvenezuela.gob.ve\/index.php\/wp-json\/wp\/v2\/posts"}],"about":[{"href":"https:\/\/prensapresidencialvenezuela.gob.ve\/index.php\/wp-json\/wp\/v2\/types\/post"}],"author":[{"embeddable":true,"href":"https:\/\/prensapresidencialvenezuela.gob.ve\/index.php\/wp-json\/wp\/v2\/users\/1"}],"replies":[{"embeddable":true,"href":"https:\/\/prensapresidencialvenezuela.gob.ve\/index.php\/wp-json\/wp\/v2\/comments?post=23067"}],"version-history":[{"count":4,"href":"https:\/\/prensapresidencialvenezuela.gob.ve\/index.php\/wp-json\/wp\/v2\/posts\/23067\/revisions"}],"predecessor-version":[{"id":23086,"href":"https:\/\/prensapresidencialvenezuela.gob.ve\/index.php\/wp-json\/wp\/v2\/posts\/23067\/revisions\/23086"}],"wp:featuredmedia":[{"embeddable":true,"href":"https:\/\/prensapresidencialvenezuela.gob.ve\/index.php\/wp-json\/wp\/v2\/media\/23078"}],"wp:attachment":[{"href":"https:\/\/prensapresidencialvenezuela.gob.ve\/index.php\/wp-json\/wp\/v2\/media?parent=23067"}],"wp:term":[{"taxonomy":"category","embeddable":true,"href":"https:\/\/prensapresidencialvenezuela.gob.ve\/index.php\/wp-json\/wp\/v2\/categories?post=23067"},{"taxonomy":"post_tag","embeddable":true,"href":"https:\/\/prensapresidencialvenezuela.gob.ve\/index.php\/wp-json\/wp\/v2\/tags?post=23067"}],"curies":[{"name":"wp","href":"https:\/\/api.w.org\/{rel}","templated":true}]}}