{"id":23084,"date":"2025-08-19T20:20:00","date_gmt":"2025-08-20T00:20:00","guid":{"rendered":"https:\/\/prensapresidencialvenezuela.gob.ve\/?p=23084"},"modified":"2025-08-19T20:20:01","modified_gmt":"2025-08-20T00:20:01","slug":"gobierno-bolivariano-ratifica-su-compromiso-con-proyectos-comunitarios-de-la-juventud","status":"publish","type":"post","link":"https:\/\/prensapresidencialvenezuela.gob.ve\/index.php\/2025\/08\/19\/gobierno-bolivariano-ratifica-su-compromiso-con-proyectos-comunitarios-de-la-juventud\/","title":{"rendered":"Gobierno Bolivariano ratifica su compromiso con proyectos comunitarios de la juventud"},"content":{"rendered":"\n<p><\/p>\n\n\n\n<p><strong>El Guarataro, Caracas.-<\/strong> El presidente de la Rep\u00fablica Bolivariana de Venezuela, Nicol\u00e1s Maduro, en su visita al barrio Los Eucaliptos en la parroquia San Juan de Caracas, ratific\u00f3 el compromiso de su Gobierno con la construcci\u00f3n y ejecuci\u00f3n de los proyectos liderados por la juventud y que fueron electos durante la Consulta Popular del pasado 27 de julio.<\/p>\n\n\n\n<p>El Mandatario nacional respald\u00f3 la iniciativa de construir un gimnasio multiuso y una Casa de la Juventud, obras elegidas por la comunidad del circuito comunal Bol\u00edvar \u2013 Ch\u00e1vez, en la mencionada parroquia. Enfatiz\u00f3 que la pol\u00edtica actual ha adquirido una dimensi\u00f3n humana y \u00e9tica, enfocada en la participaci\u00f3n activa de los ciudadanos.<\/p>\n\n\n\n<p>Asimismo, expres\u00f3 su satisfacci\u00f3n por la decisi\u00f3n de los j\u00f3venes de priorizar estos espacios, que consideran fundamentales para su desarrollo. \u00abMe parece muy bien que ustedes, entre 7 proyectos aqu\u00ed en esta comunidad, hayan pensado en una Casa de la Juventud y en un gimnasio multiuso\u00bb, ratific\u00f3.<\/p>\n\n\n\n<p>Destac\u00f3 que estos espacios no solo fomentar\u00e1n el deporte y la cultura, sino que tambi\u00e9n servir\u00e1n como puntos de encuentro y formaci\u00f3n para los j\u00f3venes.<\/p>\n\n\n\n<p><\/p>\n\n\n\n<figure class=\"wp-block-image size-large\"><img fetchpriority=\"high\" decoding=\"async\" width=\"1024\" height=\"682\" src=\"https:\/\/prensapresidencialvenezuela.gob.ve\/wp-content\/uploads\/2025\/08\/photo_4983254136560660690_y-1024x682.jpg\" alt=\"\" class=\"wp-image-23042\" srcset=\"https:\/\/prensapresidencialvenezuela.gob.ve\/wp-content\/uploads\/2025\/08\/photo_4983254136560660690_y-1024x682.jpg 1024w, https:\/\/prensapresidencialvenezuela.gob.ve\/wp-content\/uploads\/2025\/08\/photo_4983254136560660690_y-300x200.jpg 300w, https:\/\/prensapresidencialvenezuela.gob.ve\/wp-content\/uploads\/2025\/08\/photo_4983254136560660690_y-768x512.jpg 768w, https:\/\/prensapresidencialvenezuela.gob.ve\/wp-content\/uploads\/2025\/08\/photo_4983254136560660690_y.jpg 1280w\" sizes=\"(max-width: 1024px) 100vw, 1024px\" \/><\/figure>\n\n\n\n<p><strong>Apoyo y compromiso revolucionario<\/strong><\/p>\n\n\n\n<p>La alcaldesa de Caracas, Carmen Mel\u00e9ndez, tambi\u00e9n presente en el barrio, asegur\u00f3 que se est\u00e1n coordinando los recursos y el apoyo log\u00edstico para la ejecuci\u00f3n de los proyectos. \u00abVamos a hacer un apoyo en conjunto con nuestro presidente\u00bb, afirm\u00f3, subrayando la importancia de la concreci\u00f3n de cada proyecto que est\u00e9 destinado al cumplimiento de las&nbsp; 7 Transformaciones (7T) del Plan de la Patria.<\/p>\n\n\n\n<p>La r\u00e1pida ejecuci\u00f3n de estas obras, que ya cuentan con terreno y recursos, es una muestra del compromiso del gobierno con las decisiones tomadas por las bases populares. Adem\u00e1s, pone de manifiesto que los sue\u00f1os de la &nbsp;juventud son y ser\u00e1n una realidad tangible en sus propias comunidades.<\/p>\n\n\n\n<p><\/p>\n\n\n\n<figure class=\"wp-block-image size-large\"><img decoding=\"async\" width=\"972\" height=\"1024\" src=\"https:\/\/prensapresidencialvenezuela.gob.ve\/wp-content\/uploads\/2025\/08\/photo_4983254136560660723_y-972x1024.jpg\" alt=\"\" class=\"wp-image-23071\" srcset=\"https:\/\/prensapresidencialvenezuela.gob.ve\/wp-content\/uploads\/2025\/08\/photo_4983254136560660723_y-972x1024.jpg 972w, https:\/\/prensapresidencialvenezuela.gob.ve\/wp-content\/uploads\/2025\/08\/photo_4983254136560660723_y-285x300.jpg 285w, https:\/\/prensapresidencialvenezuela.gob.ve\/wp-content\/uploads\/2025\/08\/photo_4983254136560660723_y-768x809.jpg 768w, https:\/\/prensapresidencialvenezuela.gob.ve\/wp-content\/uploads\/2025\/08\/photo_4983254136560660723_y.jpg 1215w\" sizes=\"(max-width: 972px) 100vw, 972px\" \/><\/figure>\n\n\n\n<p><strong>Prensa Presidencial \/ Iliana Rosales<\/strong><\/p>\n\n\n\n<p><\/p>\n","protected":false},"excerpt":{"rendered":"<p>El Guarataro, Caracas.- El presidente de la Rep\u00fablica Bolivariana de Venezuela, Nicol\u00e1s Maduro, en su visita al barrio Los Eucaliptos en la parroquia San Juan de Caracas, ratific\u00f3 el compromiso de su Gobierno con la construcci\u00f3n y ejecuci\u00f3n de los proyectos liderados por la juventud y que fueron electos durante la Consulta Popular del pasado [&hellip;]<\/p>\n","protected":false},"author":1,"featured_media":23061,"comment_status":"open","ping_status":"open","sticky":false,"template":"","format":"standard","meta":{"footnotes":""},"categories":[18,7],"tags":[689,191,1778,19,557,20],"class_list":["post-23084","post","type-post","status-publish","format-standard","has-post-thumbnail","hentry","category-noticias-principales","category-notas-de-prensa","tag-7t","tag-caracas","tag-cuadrantes-de-paz","tag-nicolas-maduro","tag-paz","tag-venezuela"],"_links":{"self":[{"href":"https:\/\/prensapresidencialvenezuela.gob.ve\/index.php\/wp-json\/wp\/v2\/posts\/23084","targetHints":{"allow":["GET"]}}],"collection":[{"href":"https:\/\/prensapresidencialvenezuela.gob.ve\/index.php\/wp-json\/wp\/v2\/posts"}],"about":[{"href":"https:\/\/prensapresidencialvenezuela.gob.ve\/index.php\/wp-json\/wp\/v2\/types\/post"}],"author":[{"embeddable":true,"href":"https:\/\/prensapresidencialvenezuela.gob.ve\/index.php\/wp-json\/wp\/v2\/users\/1"}],"replies":[{"embeddable":true,"href":"https:\/\/prensapresidencialvenezuela.gob.ve\/index.php\/wp-json\/wp\/v2\/comments?post=23084"}],"version-history":[{"count":1,"href":"https:\/\/prensapresidencialvenezuela.gob.ve\/index.php\/wp-json\/wp\/v2\/posts\/23084\/revisions"}],"predecessor-version":[{"id":23085,"href":"https:\/\/prensapresidencialvenezuela.gob.ve\/index.php\/wp-json\/wp\/v2\/posts\/23084\/revisions\/23085"}],"wp:featuredmedia":[{"embeddable":true,"href":"https:\/\/prensapresidencialvenezuela.gob.ve\/index.php\/wp-json\/wp\/v2\/media\/23061"}],"wp:attachment":[{"href":"https:\/\/prensapresidencialvenezuela.gob.ve\/index.php\/wp-json\/wp\/v2\/media?parent=23084"}],"wp:term":[{"taxonomy":"category","embeddable":true,"href":"https:\/\/prensapresidencialvenezuela.gob.ve\/index.php\/wp-json\/wp\/v2\/categories?post=23084"},{"taxonomy":"post_tag","embeddable":true,"href":"https:\/\/prensapresidencialvenezuela.gob.ve\/index.php\/wp-json\/wp\/v2\/tags?post=23084"}],"curies":[{"name":"wp","href":"https:\/\/api.w.org\/{rel}","templated":true}]}}