{"id":23088,"date":"2025-08-19T20:47:18","date_gmt":"2025-08-20T00:47:18","guid":{"rendered":"https:\/\/prensapresidencialvenezuela.gob.ve\/?p=23088"},"modified":"2025-08-19T21:00:10","modified_gmt":"2025-08-20T01:00:10","slug":"venezuela-se-erige-en-bastion-de-paz-soberana-frente-a-los-imperios-afirma-presidente-maduro","status":"publish","type":"post","link":"https:\/\/prensapresidencialvenezuela.gob.ve\/index.php\/2025\/08\/19\/venezuela-se-erige-en-bastion-de-paz-soberana-frente-a-los-imperios-afirma-presidente-maduro\/","title":{"rendered":"Uni\u00f3n perfecta Popular-Militar-Policial se expande en la capital"},"content":{"rendered":"\n<p><strong>El Mandatario nacional activ\u00f3 299 Cuadrantes de Paz en Caracas, en una demostraci\u00f3n de fuerza y unidad c\u00edvico-militar.<\/strong><\/p>\n\n\n\n<p><strong>Municipio Libertador, Caracas.\u2013<\/strong> \u00abQue el mundo lo sepa, que lo sepan los imperios, Venezuela hoy m\u00e1s que nunca tiene con qu\u00e9, por eso estamos en paz\u00bb. Con esta contundente declaraci\u00f3n, el Presidente de la Rep\u00fablica Bolivariana de Venezuela, Nicol\u00e1s Maduro, sentenci\u00f3 la invulnerabilidad de la naci\u00f3n durante el lanzamiento de los 299 Cuadrantes de Paz en la capital y en el balance de la Base de Misiones en la comunidad de El Guarataro.<\/p>\n\n\n\n<p>Desde la Comuna Socialista Antonio Jos\u00e9 de Sucre, el Jefe de Estado dirigi\u00f3 un mensaje claro a las potencias extranjeras: la Revoluci\u00f3n Bolivariana consolida su modelo de autodeterminaci\u00f3n y defensa integral de la paz, no desde la sumisi\u00f3n, sino desde la fortaleza y la preparaci\u00f3n del Poder Popular unido a la Fuerza Armada Nacional Bolivariana (FANB).<\/p>\n\n\n\n<p><strong>Uni\u00f3n perfecta Popular-Militar-Policial se expande en la capital<\/strong><\/p>\n\n\n\n<p>El Presidente Maduro subray\u00f3 que esta masiva activaci\u00f3n de los cuadrantes se ejecuta bajo el principio estrat\u00e9gico de la uni\u00f3n perfecta Popular-Militar-Policial. Esta alianza indisoluble entre el pueblo organizado y los cuerpos de seguridad del Estado alcanza una nueva fase de expansi\u00f3n, con un salto significativo que pasa de los 146 cuadrantes de la primera etapa a los 299 que ahora se despliegan en los Circuitos Comunales de Caracas.<\/p>\n\n\n\n<p>El Mandatario detall\u00f3 el esfuerzo log\u00edstico integral que garantiza el funcionamiento efectivo de este dispositivo de protecci\u00f3n social. Este esfuerzo incluye la dotaci\u00f3n de equipos de comunicaci\u00f3n de \u00faltima tecnolog\u00eda, veh\u00edculos motorizados, patrullaje constante y sistemas de respuesta inmediata para neutralizar cualquier eventualidad que intente alterar la tranquilidad del pueblo.<\/p>\n\n\n\n<p>Esta expansi\u00f3n representa una victoria del modelo de seguridad nacional bolivariano, que prioriza la defensa del territorio desde la ra\u00edz comunal y consolida a Venezuela como un territorio de paz, libre de injerencia extranjera y firme en su camino hacia el socialismo.<\/p>\n\n\n\n<p><strong>Prensa Presidencial\/ Luis Tavera<\/strong><\/p>\n","protected":false},"excerpt":{"rendered":"<p>El Mandatario nacional activ\u00f3 299 Cuadrantes de Paz en Caracas, en una demostraci\u00f3n de fuerza y unidad c\u00edvico-militar. Municipio Libertador, Caracas.\u2013 \u00abQue el mundo lo sepa, que lo sepan los imperios, Venezuela hoy m\u00e1s que nunca tiene con qu\u00e9, por eso estamos en paz\u00bb. Con esta contundente declaraci\u00f3n, el Presidente de la Rep\u00fablica Bolivariana de [&hellip;]<\/p>\n","protected":false},"author":1,"featured_media":23089,"comment_status":"open","ping_status":"open","sticky":false,"template":"","format":"standard","meta":{"footnotes":""},"categories":[18,7],"tags":[],"class_list":["post-23088","post","type-post","status-publish","format-standard","has-post-thumbnail","hentry","category-noticias-principales","category-notas-de-prensa"],"_links":{"self":[{"href":"https:\/\/prensapresidencialvenezuela.gob.ve\/index.php\/wp-json\/wp\/v2\/posts\/23088","targetHints":{"allow":["GET"]}}],"collection":[{"href":"https:\/\/prensapresidencialvenezuela.gob.ve\/index.php\/wp-json\/wp\/v2\/posts"}],"about":[{"href":"https:\/\/prensapresidencialvenezuela.gob.ve\/index.php\/wp-json\/wp\/v2\/types\/post"}],"author":[{"embeddable":true,"href":"https:\/\/prensapresidencialvenezuela.gob.ve\/index.php\/wp-json\/wp\/v2\/users\/1"}],"replies":[{"embeddable":true,"href":"https:\/\/prensapresidencialvenezuela.gob.ve\/index.php\/wp-json\/wp\/v2\/comments?post=23088"}],"version-history":[{"count":3,"href":"https:\/\/prensapresidencialvenezuela.gob.ve\/index.php\/wp-json\/wp\/v2\/posts\/23088\/revisions"}],"predecessor-version":[{"id":23093,"href":"https:\/\/prensapresidencialvenezuela.gob.ve\/index.php\/wp-json\/wp\/v2\/posts\/23088\/revisions\/23093"}],"wp:featuredmedia":[{"embeddable":true,"href":"https:\/\/prensapresidencialvenezuela.gob.ve\/index.php\/wp-json\/wp\/v2\/media\/23089"}],"wp:attachment":[{"href":"https:\/\/prensapresidencialvenezuela.gob.ve\/index.php\/wp-json\/wp\/v2\/media?parent=23088"}],"wp:term":[{"taxonomy":"category","embeddable":true,"href":"https:\/\/prensapresidencialvenezuela.gob.ve\/index.php\/wp-json\/wp\/v2\/categories?post=23088"},{"taxonomy":"post_tag","embeddable":true,"href":"https:\/\/prensapresidencialvenezuela.gob.ve\/index.php\/wp-json\/wp\/v2\/tags?post=23088"}],"curies":[{"name":"wp","href":"https:\/\/api.w.org\/{rel}","templated":true}]}}