{"id":23092,"date":"2025-08-19T21:01:04","date_gmt":"2025-08-20T01:01:04","guid":{"rendered":"https:\/\/prensapresidencialvenezuela.gob.ve\/?p=23092"},"modified":"2025-08-19T21:01:25","modified_gmt":"2025-08-20T01:01:25","slug":"presidente-maduro-exalta-el-poder-de-la-soberania-y-del-pueblo-ante-el-imperialismo","status":"publish","type":"post","link":"https:\/\/prensapresidencialvenezuela.gob.ve\/index.php\/2025\/08\/19\/presidente-maduro-exalta-el-poder-de-la-soberania-y-del-pueblo-ante-el-imperialismo\/","title":{"rendered":"Presidente Maduro exalta el poder de la soberan\u00eda y del pueblo ante el Imperialismo"},"content":{"rendered":"\n<p><strong>Barrio Los Eucaliptos.- <\/strong>El presidente de la Rep\u00fablica Bolivariana de Venezuela, &nbsp;Nicol\u00e1s Maduro, desde el barrio Los Eucaliptos de la parroquia San Juan de Caracas, reafirm\u00f3 la solidez de la Revoluci\u00f3n Bolivariana frente a los intentos desesperados del imperialismo por detenerla.<\/p>\n\n\n\n<p>En el marco de un encuentro con la comunidad antes mencionada, para la activaci\u00f3n de Cuadrantes de Paz en los circuitos comunales de la capital,&nbsp; el Mandatario Nacional destac\u00f3 el triunfo electoral de las fuerzas revolucionarias como una muestra de la voluntad del pueblo venezolano.<\/p>\n\n\n\n<p>A prop\u00f3sito de ello, hizo referencia a los recientes resultados de las elecciones a las gobernaciones y alcald\u00edas, en los que la oposici\u00f3n fue derrotada de manera contundente. \u00abDe 24 gobernaciones metimos 23, \u00a1chuleta!\u2026 de 335 alcald\u00edas ganamos por la l\u00ednea del medio 285, \u00a1chuleta!\u00bb, expres\u00f3, utilizando esta jerga para ilustrar la magnitud de la victoria.<\/p>\n\n\n\n<p>Destac\u00f3 que la fuerza popular y electoral provoca la desesperaci\u00f3n del imperialismo. \u00abPor eso el imperialismo se desespera, se vuelve loco, porque no pueden parar la Revoluci\u00f3n Bolivariana, por ninguna v\u00eda\u00bb, afirm\u00f3.<\/p>\n\n\n\n<p><strong>El pueblo quiere paz<\/strong><\/p>\n\n\n\n<p>En la misma actividad, estuvo presente el jefe de Gobierno del Distrito Capital, Nahum Fern\u00e1ndez, quien respald\u00f3 tambi\u00e9n el papel fundamental de la juventud en la consolidaci\u00f3n de la paz y la organizaci\u00f3n comunitaria.<\/p>\n\n\n\n<p>\u00abEsa juventud que quisieron meterle un mal ejemplo sali\u00f3 a votar masivamente. Est\u00e1 organizada\u00bb, dijo Fern\u00e1ndez. Subray\u00f3 que la juventud ha abrazado la paz, la cultura y la organizaci\u00f3n, lo que demuestra un renacer en las comunidades.<\/p>\n\n\n\n<p>En este sentido, Fern\u00e1ndez explic\u00f3 la importancia de la tercera l\u00ednea de acci\u00f3n (3T) del plan de las 7T, que prioriza la paz, la seguridad p\u00fablica y la soberan\u00eda.<\/p>\n\n\n\n<p><strong>Prensa Presidencial \/ Iliana Rosales<\/strong><\/p>\n","protected":false},"excerpt":{"rendered":"<p>Barrio Los Eucaliptos.- El presidente de la Rep\u00fablica Bolivariana de Venezuela, &nbsp;Nicol\u00e1s Maduro, desde el barrio Los Eucaliptos de la parroquia San Juan de Caracas, reafirm\u00f3 la solidez de la Revoluci\u00f3n Bolivariana frente a los intentos desesperados del imperialismo por detenerla. En el marco de un encuentro con la comunidad antes mencionada, para la activaci\u00f3n [&hellip;]<\/p>\n","protected":false},"author":1,"featured_media":23097,"comment_status":"open","ping_status":"open","sticky":false,"template":"","format":"standard","meta":{"footnotes":""},"categories":[18,7],"tags":[],"class_list":["post-23092","post","type-post","status-publish","format-standard","has-post-thumbnail","hentry","category-noticias-principales","category-notas-de-prensa"],"_links":{"self":[{"href":"https:\/\/prensapresidencialvenezuela.gob.ve\/index.php\/wp-json\/wp\/v2\/posts\/23092","targetHints":{"allow":["GET"]}}],"collection":[{"href":"https:\/\/prensapresidencialvenezuela.gob.ve\/index.php\/wp-json\/wp\/v2\/posts"}],"about":[{"href":"https:\/\/prensapresidencialvenezuela.gob.ve\/index.php\/wp-json\/wp\/v2\/types\/post"}],"author":[{"embeddable":true,"href":"https:\/\/prensapresidencialvenezuela.gob.ve\/index.php\/wp-json\/wp\/v2\/users\/1"}],"replies":[{"embeddable":true,"href":"https:\/\/prensapresidencialvenezuela.gob.ve\/index.php\/wp-json\/wp\/v2\/comments?post=23092"}],"version-history":[{"count":1,"href":"https:\/\/prensapresidencialvenezuela.gob.ve\/index.php\/wp-json\/wp\/v2\/posts\/23092\/revisions"}],"predecessor-version":[{"id":23096,"href":"https:\/\/prensapresidencialvenezuela.gob.ve\/index.php\/wp-json\/wp\/v2\/posts\/23092\/revisions\/23096"}],"wp:featuredmedia":[{"embeddable":true,"href":"https:\/\/prensapresidencialvenezuela.gob.ve\/index.php\/wp-json\/wp\/v2\/media\/23097"}],"wp:attachment":[{"href":"https:\/\/prensapresidencialvenezuela.gob.ve\/index.php\/wp-json\/wp\/v2\/media?parent=23092"}],"wp:term":[{"taxonomy":"category","embeddable":true,"href":"https:\/\/prensapresidencialvenezuela.gob.ve\/index.php\/wp-json\/wp\/v2\/categories?post=23092"},{"taxonomy":"post_tag","embeddable":true,"href":"https:\/\/prensapresidencialvenezuela.gob.ve\/index.php\/wp-json\/wp\/v2\/tags?post=23092"}],"curies":[{"name":"wp","href":"https:\/\/api.w.org\/{rel}","templated":true}]}}