{"id":23098,"date":"2025-08-20T18:39:21","date_gmt":"2025-08-20T22:39:21","guid":{"rendered":"https:\/\/prensapresidencialvenezuela.gob.ve\/?p=23098"},"modified":"2025-08-20T19:56:35","modified_gmt":"2025-08-20T23:56:35","slug":"xiii-cumbre-extraordinaria-del-alba-tcp-rechaza-las-amenazas-a-la-paz-regional","status":"publish","type":"post","link":"https:\/\/prensapresidencialvenezuela.gob.ve\/index.php\/2025\/08\/20\/xiii-cumbre-extraordinaria-del-alba-tcp-rechaza-las-amenazas-a-la-paz-regional\/","title":{"rendered":"XIII Cumbre Extraordinaria del ALBA-TCP rechaza las amenazas a la paz regional"},"content":{"rendered":"\n<p><\/p>\n\n\n\n<p><strong>Caracas, Venezuela.-<\/strong> La Alianza Bolivariana para los Pueblos de Nuestra Am\u00e9rica &#8211; Tratado de Comercio de los Pueblos (ALBA-TCP), celebra este mi\u00e9rcoles su XIII Cumbre Extraordinaria de Jefes de Estado y de Gobierno, desde la Casona Cultural Aquiles Nazoa, a los fines de rechazar las amenazas imperiales contra la paz regional.<\/p>\n\n\n\n<p>El presidente de la Rep\u00fablica Bolivariana de Venezuela, Nicol\u00e1s Maduro Moros, acompa\u00f1ado por el ministro del Poder Popular para las Relaciones Exteriores, Iv\u00e1n Gil; el secretario ejecutivo del ALBA-TCP, Rander Pe\u00f1a; y el presidente del Banco del ALBA, Ra\u00fal Licausi.<\/p>\n\n\n\n<p>La cumbre tiene por objetivo denunciar y rechazar las graves amenazas a la paz y la seguridad de Am\u00e9rica Latina y el Caribe, derivadas de agresiones emprendidas por el gobierno estadounidense para continuar intentando desacreditar los avances de la Revoluci\u00f3n Bolivariana. Entre estas agresiones, se condenan las operaciones militares, consideradas un pretexto para mantener la narrativa del imperialismo de vincular a Venezuela con organizaciones terroristas.<\/p>\n\n\n\n<p><\/p>\n\n\n\n<figure class=\"wp-block-image size-large\"><img fetchpriority=\"high\" decoding=\"async\" width=\"1016\" height=\"1024\" src=\"https:\/\/prensapresidencialvenezuela.gob.ve\/wp-content\/uploads\/2025\/08\/09_ZC__5467_P-1016x1024.jpg\" alt=\"\" class=\"wp-image-23107\" srcset=\"https:\/\/prensapresidencialvenezuela.gob.ve\/wp-content\/uploads\/2025\/08\/09_ZC__5467_P-1016x1024.jpg 1016w, https:\/\/prensapresidencialvenezuela.gob.ve\/wp-content\/uploads\/2025\/08\/09_ZC__5467_P-298x300.jpg 298w, https:\/\/prensapresidencialvenezuela.gob.ve\/wp-content\/uploads\/2025\/08\/09_ZC__5467_P-150x150.jpg 150w, https:\/\/prensapresidencialvenezuela.gob.ve\/wp-content\/uploads\/2025\/08\/09_ZC__5467_P-768x774.jpg 768w, https:\/\/prensapresidencialvenezuela.gob.ve\/wp-content\/uploads\/2025\/08\/09_ZC__5467_P-1524x1536.jpg 1524w, https:\/\/prensapresidencialvenezuela.gob.ve\/wp-content\/uploads\/2025\/08\/09_ZC__5467_P.jpg 1985w\" sizes=\"(max-width: 1016px) 100vw, 1016px\" \/><\/figure>\n\n\n\n<p>El evento cuenta con la participaci\u00f3n virtual de varios l\u00edderes regionales, incluyendo al presidente de Cuba, Miguel D\u00edaz-Canel; el presidente de Bolivia, Luis Arce Catacora; los copresidentes de Nicaragua, Daniel Ortega y Rosario Murillo; el primer ministro de San Vicente y las Granadinas, Ralph Gonsalves; el primer ministro de Antigua y Barbuda, Gaston Browne; el ministro de Relaciones Exteriores de Dominica, doctor Vince Henderson; el ministro de Relaciones Exteriores de Grenada, Joseph Andall; y el embajador de San Crist\u00f3bal y Nieves, Norgen Wilson.<\/p>\n\n\n\n<p>Al finalizar este encuentro, se tiene previsto la lectura de la Declaraci\u00f3n de la XIII Cumbre Extraordinaria, reafirmando los principios de soberan\u00eda y autodeterminaci\u00f3n de los pueblos y la proclamaci\u00f3n de la regi\u00f3n como Zona de Paz.<\/p>\n\n\n\n<p><strong>Prensa Presidencial \/ Iliana Rosales<\/strong><\/p>\n","protected":false},"excerpt":{"rendered":"<p>Caracas, Venezuela.- La Alianza Bolivariana para los Pueblos de Nuestra Am\u00e9rica &#8211; Tratado de Comercio de los Pueblos (ALBA-TCP), celebra este mi\u00e9rcoles su XIII Cumbre Extraordinaria de Jefes de Estado y de Gobierno, desde la Casona Cultural Aquiles Nazoa, a los fines de rechazar las amenazas imperiales contra la paz regional. El presidente de la [&hellip;]<\/p>\n","protected":false},"author":1,"featured_media":23105,"comment_status":"open","ping_status":"open","sticky":false,"template":"","format":"standard","meta":{"footnotes":""},"categories":[18,7],"tags":[179,1782,19,557,20],"class_list":["post-23098","post","type-post","status-publish","format-standard","has-post-thumbnail","hentry","category-noticias-principales","category-notas-de-prensa","tag-alba-tcp","tag-cumbre-extraordinaria","tag-nicolas-maduro","tag-paz","tag-venezuela"],"_links":{"self":[{"href":"https:\/\/prensapresidencialvenezuela.gob.ve\/index.php\/wp-json\/wp\/v2\/posts\/23098","targetHints":{"allow":["GET"]}}],"collection":[{"href":"https:\/\/prensapresidencialvenezuela.gob.ve\/index.php\/wp-json\/wp\/v2\/posts"}],"about":[{"href":"https:\/\/prensapresidencialvenezuela.gob.ve\/index.php\/wp-json\/wp\/v2\/types\/post"}],"author":[{"embeddable":true,"href":"https:\/\/prensapresidencialvenezuela.gob.ve\/index.php\/wp-json\/wp\/v2\/users\/1"}],"replies":[{"embeddable":true,"href":"https:\/\/prensapresidencialvenezuela.gob.ve\/index.php\/wp-json\/wp\/v2\/comments?post=23098"}],"version-history":[{"count":5,"href":"https:\/\/prensapresidencialvenezuela.gob.ve\/index.php\/wp-json\/wp\/v2\/posts\/23098\/revisions"}],"predecessor-version":[{"id":23112,"href":"https:\/\/prensapresidencialvenezuela.gob.ve\/index.php\/wp-json\/wp\/v2\/posts\/23098\/revisions\/23112"}],"wp:featuredmedia":[{"embeddable":true,"href":"https:\/\/prensapresidencialvenezuela.gob.ve\/index.php\/wp-json\/wp\/v2\/media\/23105"}],"wp:attachment":[{"href":"https:\/\/prensapresidencialvenezuela.gob.ve\/index.php\/wp-json\/wp\/v2\/media?parent=23098"}],"wp:term":[{"taxonomy":"category","embeddable":true,"href":"https:\/\/prensapresidencialvenezuela.gob.ve\/index.php\/wp-json\/wp\/v2\/categories?post=23098"},{"taxonomy":"post_tag","embeddable":true,"href":"https:\/\/prensapresidencialvenezuela.gob.ve\/index.php\/wp-json\/wp\/v2\/tags?post=23098"}],"curies":[{"name":"wp","href":"https:\/\/api.w.org\/{rel}","templated":true}]}}