{"id":23113,"date":"2025-08-20T19:44:07","date_gmt":"2025-08-20T23:44:07","guid":{"rendered":"https:\/\/prensapresidencialvenezuela.gob.ve\/?p=23113"},"modified":"2025-08-20T19:48:31","modified_gmt":"2025-08-20T23:48:31","slug":"barco-venezolano-zarpara-este-jueves-por-intercambio-comercial-entre-paises-de-la-alba-tcp","status":"publish","type":"post","link":"https:\/\/prensapresidencialvenezuela.gob.ve\/index.php\/2025\/08\/20\/barco-venezolano-zarpara-este-jueves-por-intercambio-comercial-entre-paises-de-la-alba-tcp\/","title":{"rendered":"Barco venezolano zarpar\u00e1 este jueves por intercambio comercial entre pa\u00edses de la ALBA-TCP"},"content":{"rendered":"\n<p><\/p>\n\n\n\n<p><strong>La Casona Cultural Aquiles Nazoa, Caracas.- <\/strong>Este mi\u00e9rcoles, el presidente de la Rep\u00fablica Bolivariana de Venezuela, Nicol\u00e1s Maduro Moros,anunci\u00f3que los pa\u00edses que conforman la Alianza Bolivariana para los Pueblos de Nuestra Am\u00e9rica &#8211; Tratado de Comercio de los Pueblos (ALBA-TCP), se mantienen en uni\u00f3n permanente para el fortalecimiento de los intercambios que se establecen bajo el concepto del comercio justo.<\/p>\n\n\n\n<p>En esta l\u00ednea, el Jefe de Estado anunci\u00f3 que el d\u00eda de ma\u00f1ana zarpar\u00e1 una flota de transporte mar\u00edtimo, desde las aguas venezolanas hacia uno de los pa\u00edses que integran la ALBA-TCP, para el intercambio comercial de los pa\u00edses que la conforman.&nbsp;<\/p>\n\n\n\n<p>Asimismo, subray\u00f3 que este buque llevar\u00e1 las banderas de los pa\u00edses de la ALBA-TCP por lo que inst\u00f3 a que desde ning\u00fan frente de batalla jam\u00e1s se permita que se perturbe la vida del pueblo, ya que \u00abes una vida de lucha, de resistencia y tambi\u00e9n de esperanza\u00bb.<\/p>\n\n\n\n<p>Esta informaci\u00f3n fue suministrada durante la XIII Cumbre Extraordinaria de Jefes de Estado y de Gobierno de la ALBA-TCP, la cual ha sido resaltada por el Mandatario venezolano como una plataforma de integraci\u00f3n de los pa\u00edses de Am\u00e9rica Latina y el Caribe, que enfocan su visi\u00f3n en la solidaridad, la complementariedad, la justicia y la cooperaci\u00f3n, para afrontar de manera conjunta los desaf\u00edos econ\u00f3micos, pol\u00edticos y sociales que enfrentan actualmente.<\/p>\n\n\n\n<p><\/p>\n\n\n\n<figure class=\"wp-block-image size-large\"><img fetchpriority=\"high\" decoding=\"async\" width=\"1019\" height=\"1024\" src=\"https:\/\/prensapresidencialvenezuela.gob.ve\/wp-content\/uploads\/2025\/08\/04_ZC__5592_P-1019x1024.jpg\" alt=\"\" class=\"wp-image-23117\" srcset=\"https:\/\/prensapresidencialvenezuela.gob.ve\/wp-content\/uploads\/2025\/08\/04_ZC__5592_P-1019x1024.jpg 1019w, https:\/\/prensapresidencialvenezuela.gob.ve\/wp-content\/uploads\/2025\/08\/04_ZC__5592_P-300x300.jpg 300w, https:\/\/prensapresidencialvenezuela.gob.ve\/wp-content\/uploads\/2025\/08\/04_ZC__5592_P-150x150.jpg 150w, https:\/\/prensapresidencialvenezuela.gob.ve\/wp-content\/uploads\/2025\/08\/04_ZC__5592_P-768x772.jpg 768w, https:\/\/prensapresidencialvenezuela.gob.ve\/wp-content\/uploads\/2025\/08\/04_ZC__5592_P-1528x1536.jpg 1528w, https:\/\/prensapresidencialvenezuela.gob.ve\/wp-content\/uploads\/2025\/08\/04_ZC__5592_P.jpg 1990w\" sizes=\"(max-width: 1019px) 100vw, 1019px\" \/><\/figure>\n\n\n\n<p>Es importante recordar que entre las naciones miembros de la ALBA-TCP se encuentran Venezuela, la Rep\u00fablica de Cuba, el Estado Plurinacional de Bolivia, la Rep\u00fablica de Nicaragua, Dominica, San Vicente y las Granadinas, Antigua y Barbuda, Santa Luc\u00eda, entre otros.<\/p>\n\n\n\n<p><strong>Prensa Presidencial\/ Irmary D\u00edaz<\/strong><\/p>\n\n\n\n<p><\/p>\n","protected":false},"excerpt":{"rendered":"<p>La Casona Cultural Aquiles Nazoa, Caracas.- Este mi\u00e9rcoles, el presidente de la Rep\u00fablica Bolivariana de Venezuela, Nicol\u00e1s Maduro Moros,anunci\u00f3que los pa\u00edses que conforman la Alianza Bolivariana para los Pueblos de Nuestra Am\u00e9rica &#8211; Tratado de Comercio de los Pueblos (ALBA-TCP), se mantienen en uni\u00f3n permanente para el fortalecimiento de los intercambios que se establecen bajo [&hellip;]<\/p>\n","protected":false},"author":1,"featured_media":23125,"comment_status":"open","ping_status":"open","sticky":false,"template":"","format":"standard","meta":{"footnotes":""},"categories":[18,7],"tags":[179,1782,19,27,20],"class_list":["post-23113","post","type-post","status-publish","format-standard","has-post-thumbnail","hentry","category-noticias-principales","category-notas-de-prensa","tag-alba-tcp","tag-cumbre-extraordinaria","tag-nicolas-maduro","tag-revolucion-bolivariana","tag-venezuela"],"_links":{"self":[{"href":"https:\/\/prensapresidencialvenezuela.gob.ve\/index.php\/wp-json\/wp\/v2\/posts\/23113","targetHints":{"allow":["GET"]}}],"collection":[{"href":"https:\/\/prensapresidencialvenezuela.gob.ve\/index.php\/wp-json\/wp\/v2\/posts"}],"about":[{"href":"https:\/\/prensapresidencialvenezuela.gob.ve\/index.php\/wp-json\/wp\/v2\/types\/post"}],"author":[{"embeddable":true,"href":"https:\/\/prensapresidencialvenezuela.gob.ve\/index.php\/wp-json\/wp\/v2\/users\/1"}],"replies":[{"embeddable":true,"href":"https:\/\/prensapresidencialvenezuela.gob.ve\/index.php\/wp-json\/wp\/v2\/comments?post=23113"}],"version-history":[{"count":3,"href":"https:\/\/prensapresidencialvenezuela.gob.ve\/index.php\/wp-json\/wp\/v2\/posts\/23113\/revisions"}],"predecessor-version":[{"id":23124,"href":"https:\/\/prensapresidencialvenezuela.gob.ve\/index.php\/wp-json\/wp\/v2\/posts\/23113\/revisions\/23124"}],"wp:featuredmedia":[{"embeddable":true,"href":"https:\/\/prensapresidencialvenezuela.gob.ve\/index.php\/wp-json\/wp\/v2\/media\/23125"}],"wp:attachment":[{"href":"https:\/\/prensapresidencialvenezuela.gob.ve\/index.php\/wp-json\/wp\/v2\/media?parent=23113"}],"wp:term":[{"taxonomy":"category","embeddable":true,"href":"https:\/\/prensapresidencialvenezuela.gob.ve\/index.php\/wp-json\/wp\/v2\/categories?post=23113"},{"taxonomy":"post_tag","embeddable":true,"href":"https:\/\/prensapresidencialvenezuela.gob.ve\/index.php\/wp-json\/wp\/v2\/tags?post=23113"}],"curies":[{"name":"wp","href":"https:\/\/api.w.org\/{rel}","templated":true}]}}