{"id":23115,"date":"2025-08-20T19:35:07","date_gmt":"2025-08-20T23:35:07","guid":{"rendered":"https:\/\/prensapresidencialvenezuela.gob.ve\/?p=23115"},"modified":"2025-08-20T19:35:45","modified_gmt":"2025-08-20T23:35:45","slug":"alba-tcp-bastion-de-integracion-y-soberania-frente-al-neocolonialismo","status":"publish","type":"post","link":"https:\/\/prensapresidencialvenezuela.gob.ve\/index.php\/2025\/08\/20\/alba-tcp-bastion-de-integracion-y-soberania-frente-al-neocolonialismo\/","title":{"rendered":"ALBA-TCP: Basti\u00f3n de integraci\u00f3n y soberan\u00eda frente al neocolonialismo"},"content":{"rendered":"\n<p><\/p>\n\n\n\n<p><strong>La Casona Aquiles Nazoa, Caracas.-<\/strong> Durante la XIII Cumbre Extraordinaria de Jefes de Estado y de Gobierno de la Alianza Bolivariana para los Pueblos de Nuestra Am\u00e9rica \u2013 Tratado de Comercio de los Pueblos (ALBA- TCP), el presidente de la Rep\u00fablica Bolivariana de Venezuela, Nicol\u00e1s Maduro, exalt\u00f3 este mi\u00e9rcoles el papel fundamental de este organismo internacional como un basti\u00f3n de paz, cooperaci\u00f3n y soberan\u00eda regional.<\/p>\n\n\n\n<p>En sus palabras, el Mandatario nacional record\u00f3 que la ALBA-TCP fue concebida como una alternativa al modelo econ\u00f3mico colonialista, que buscaba imponer el \u00c1rea de Libre Comercio de las Am\u00e9ricas (ALCA). Al respecto, describi\u00f3 al bloque regional como una alianza para la paz, la superaci\u00f3n de la desigualdad y la pobreza, que se erige para defender la soberan\u00eda y la autodeterminaci\u00f3n de los pueblos.<\/p>\n\n\n\n<p>El Jefe de Estado recalc\u00f3 que hist\u00f3ricamente el mecanismo de cooperaci\u00f3n regional ha fomentado una cooperaci\u00f3n integral en \u00e1reas como la cultura, la educaci\u00f3n y la econom\u00eda, adem\u00e1s de la creaci\u00f3n de iniciativas como la Comunidad de Estados Latinoamericanos y Caribe\u00f1os (CELAC) y el proyecto Petrocaribe.<\/p>\n\n\n\n<p><\/p>\n\n\n\n<figure class=\"wp-block-image size-large\"><img fetchpriority=\"high\" decoding=\"async\" width=\"1024\" height=\"683\" src=\"https:\/\/prensapresidencialvenezuela.gob.ve\/wp-content\/uploads\/2025\/08\/09_O__8899_P-1024x683.jpg\" alt=\"\" class=\"wp-image-23119\" srcset=\"https:\/\/prensapresidencialvenezuela.gob.ve\/wp-content\/uploads\/2025\/08\/09_O__8899_P-1024x683.jpg 1024w, https:\/\/prensapresidencialvenezuela.gob.ve\/wp-content\/uploads\/2025\/08\/09_O__8899_P-300x200.jpg 300w, https:\/\/prensapresidencialvenezuela.gob.ve\/wp-content\/uploads\/2025\/08\/09_O__8899_P-768x512.jpg 768w, https:\/\/prensapresidencialvenezuela.gob.ve\/wp-content\/uploads\/2025\/08\/09_O__8899_P-1536x1024.jpg 1536w, https:\/\/prensapresidencialvenezuela.gob.ve\/wp-content\/uploads\/2025\/08\/09_O__8899_P-2048x1365.jpg 2048w\" sizes=\"(max-width: 1024px) 100vw, 1024px\" \/><\/figure>\n\n\n\n<p><strong>Misiones Sociales: el Legado Concreto de la ALBA<\/strong><\/p>\n\n\n\n<p>El presidente Maduro hizo hincapi\u00e9 en el impacto directo de la ALBA-TCP en el bienestar de los ciudadanos, a trav\u00e9s de sus programas sociales. Mencion\u00f3 la exitosa Misi\u00f3n Milagro, que ha devuelto la vista a miles de personas en toda la regi\u00f3n, y los 102 programas de alfabetizaci\u00f3n que han beneficiado a millones. \u00abNuestro pueblo est\u00e1 profundamente agradecido por la misi\u00f3n m\u00e9dica cubana, que est\u00e1 entre los campos, entre los barrios, entre los humildes\u00bb, manifest\u00f3.<\/p>\n\n\n\n<p>Entre estas misiones tambi\u00e9n destac\u00f3 a Barrio Adentro, que surgi\u00f3 de un convenio entre Venezuela y Cuba, la cual transform\u00f3 la vida de muchas personas. En tal sentido, subray\u00f3 que la ALBA-TCP fue el vientre que dio vida a iniciativas, que combinan excelencia cient\u00edfica con un profundo compromiso \u00e9tico y moral hacia los sectores m\u00e1s vulnerables.<\/p>\n\n\n\n<p>De este modo, dijo que el compromiso de Venezuela con la ALBA-TCP, una alianza que est\u00e1 por cumplir 21 a\u00f1os, se mantiene firme en su misi\u00f3n de construir un futuro de prosperidad y soberan\u00eda para los pueblos de Am\u00e9rica Latina y el Caribe.<\/p>\n\n\n\n<p><strong>Prensa Presidencial \/ Iliana Rosales<\/strong><\/p>\n","protected":false},"excerpt":{"rendered":"<p>La Casona Aquiles Nazoa, Caracas.- Durante la XIII Cumbre Extraordinaria de Jefes de Estado y de Gobierno de la Alianza Bolivariana para los Pueblos de Nuestra Am\u00e9rica \u2013 Tratado de Comercio de los Pueblos (ALBA- TCP), el presidente de la Rep\u00fablica Bolivariana de Venezuela, Nicol\u00e1s Maduro, exalt\u00f3 este mi\u00e9rcoles el papel fundamental de este organismo [&hellip;]<\/p>\n","protected":false},"author":1,"featured_media":23118,"comment_status":"open","ping_status":"open","sticky":false,"template":"","format":"standard","meta":{"footnotes":""},"categories":[18,7],"tags":[179,1782,19,27,20],"class_list":["post-23115","post","type-post","status-publish","format-standard","has-post-thumbnail","hentry","category-noticias-principales","category-notas-de-prensa","tag-alba-tcp","tag-cumbre-extraordinaria","tag-nicolas-maduro","tag-revolucion-bolivariana","tag-venezuela"],"_links":{"self":[{"href":"https:\/\/prensapresidencialvenezuela.gob.ve\/index.php\/wp-json\/wp\/v2\/posts\/23115","targetHints":{"allow":["GET"]}}],"collection":[{"href":"https:\/\/prensapresidencialvenezuela.gob.ve\/index.php\/wp-json\/wp\/v2\/posts"}],"about":[{"href":"https:\/\/prensapresidencialvenezuela.gob.ve\/index.php\/wp-json\/wp\/v2\/types\/post"}],"author":[{"embeddable":true,"href":"https:\/\/prensapresidencialvenezuela.gob.ve\/index.php\/wp-json\/wp\/v2\/users\/1"}],"replies":[{"embeddable":true,"href":"https:\/\/prensapresidencialvenezuela.gob.ve\/index.php\/wp-json\/wp\/v2\/comments?post=23115"}],"version-history":[{"count":1,"href":"https:\/\/prensapresidencialvenezuela.gob.ve\/index.php\/wp-json\/wp\/v2\/posts\/23115\/revisions"}],"predecessor-version":[{"id":23120,"href":"https:\/\/prensapresidencialvenezuela.gob.ve\/index.php\/wp-json\/wp\/v2\/posts\/23115\/revisions\/23120"}],"wp:featuredmedia":[{"embeddable":true,"href":"https:\/\/prensapresidencialvenezuela.gob.ve\/index.php\/wp-json\/wp\/v2\/media\/23118"}],"wp:attachment":[{"href":"https:\/\/prensapresidencialvenezuela.gob.ve\/index.php\/wp-json\/wp\/v2\/media?parent=23115"}],"wp:term":[{"taxonomy":"category","embeddable":true,"href":"https:\/\/prensapresidencialvenezuela.gob.ve\/index.php\/wp-json\/wp\/v2\/categories?post=23115"},{"taxonomy":"post_tag","embeddable":true,"href":"https:\/\/prensapresidencialvenezuela.gob.ve\/index.php\/wp-json\/wp\/v2\/tags?post=23115"}],"curies":[{"name":"wp","href":"https:\/\/api.w.org\/{rel}","templated":true}]}}