{"id":23127,"date":"2025-08-20T20:13:26","date_gmt":"2025-08-21T00:13:26","guid":{"rendered":"https:\/\/prensapresidencialvenezuela.gob.ve\/?p=23127"},"modified":"2025-08-20T20:13:27","modified_gmt":"2025-08-21T00:13:27","slug":"presidente-maduro-resalta-el-legado-del-libertador-simon-bolivar-frente-a-amenazas-imperiales","status":"publish","type":"post","link":"https:\/\/prensapresidencialvenezuela.gob.ve\/index.php\/2025\/08\/20\/presidente-maduro-resalta-el-legado-del-libertador-simon-bolivar-frente-a-amenazas-imperiales\/","title":{"rendered":"Presidente Maduro resalta el legado del Libertador Sim\u00f3n Bol\u00edvar frente a amenazas imperiales"},"content":{"rendered":"\n<p><\/p>\n\n\n\n<p><strong>La Casona Aquiles Nazoa, Caracas.-<\/strong> El presidente de la Rep\u00fablica Bolivariana de Venezuela, Nicol\u00e1s Maduro, durante la XIII Cumbre Extraordinaria de Jefes de Estado de la Alianza Bolivariana para los Pueblos de Nuestra Am\u00e9rica &#8211; Tratado de Comercio de los Pueblos (ALBA-TCP), reafirm\u00f3 el car\u00e1cter antiimperialista de su pa\u00eds, que a trav\u00e9s del legado del Libertador Sim\u00f3n Bol\u00edvar, se manifiesta en la defensa de la regi\u00f3n frente a las amenazas imperiales.<\/p>\n\n\n\n<p>El Mandatario nacional puso un \u00e9nfasis particular en la defensa de la soberan\u00eda regional, contrastando el pensamiento del Libertador con la Doctrina Monroe. \u00abCreen que Monroe puede volver y Bol\u00edvar no va a hacer nada, Bol\u00edvar pueblo, Bol\u00edvar rebeld\u00eda, Bol\u00edvar eterno y esperanza, Bol\u00edvar lucha\u00bb, afirm\u00f3.<\/p>\n\n\n\n<p>Rechaz\u00f3 la idea de que una palabra de las potencias hegem\u00f3nicas sea suficiente para que los pueblos rindan sus banderas y entreguen su tierra y su patria, recordando que el pueblo de Am\u00e9rica es reconocido por sus luchas y victorias frente a los imperios.<\/p>\n\n\n\n<p>En un llamado a la unidad de todos los movimientos sociales y pueblos rebeldes del mundo, desde Am\u00e9rica Latina y el Caribe hasta \u00c1frica y Estados Unidos, el jefe de Estado inst\u00f3 a la defensa de la soberan\u00eda, la paz y la autodeterminaci\u00f3n del pueblo venezolano.<\/p>\n\n\n\n<p>\u00abLa uni\u00f3n es lo que nos ha hecho fuertes y la uni\u00f3n es la gran lecci\u00f3n que sacamos de los gigantes de ayer y de los gigantes que pudimos conocer y disfrutar de su sabidur\u00eda, como Fidel (El Comandante de la Revoluci\u00f3n Cubana)\u00bb, sentenci\u00f3.<\/p>\n\n\n\n<p><\/p>\n\n\n\n<figure class=\"wp-block-image size-large\"><img fetchpriority=\"high\" decoding=\"async\" width=\"972\" height=\"1024\" src=\"https:\/\/prensapresidencialvenezuela.gob.ve\/wp-content\/uploads\/2025\/08\/04_ZC__5417_P-972x1024.jpg\" alt=\"\" class=\"wp-image-23102\" srcset=\"https:\/\/prensapresidencialvenezuela.gob.ve\/wp-content\/uploads\/2025\/08\/04_ZC__5417_P-972x1024.jpg 972w, https:\/\/prensapresidencialvenezuela.gob.ve\/wp-content\/uploads\/2025\/08\/04_ZC__5417_P-285x300.jpg 285w, https:\/\/prensapresidencialvenezuela.gob.ve\/wp-content\/uploads\/2025\/08\/04_ZC__5417_P-768x809.jpg 768w, https:\/\/prensapresidencialvenezuela.gob.ve\/wp-content\/uploads\/2025\/08\/04_ZC__5417_P-1458x1536.jpg 1458w, https:\/\/prensapresidencialvenezuela.gob.ve\/wp-content\/uploads\/2025\/08\/04_ZC__5417_P.jpg 1899w\" sizes=\"(max-width: 972px) 100vw, 972px\" \/><\/figure>\n\n\n\n<p><strong>Solidaridad con Palestina<\/strong><\/p>\n\n\n\n<p>\u00abEs impresionante ver c\u00f3mo asesinan a ni\u00f1os palestinos por miles, que van a buscar agua, que van a buscar una bolsa de comida y los asesinan con misiles de alta precisi\u00f3n\u00bb, expres\u00f3.<\/p>\n\n\n\n<p>El Mandatario nacional destac\u00f3 la solidaridad y la denuncia constante de los pa\u00edses de la ALBA ante las injusticias con el pueblo palestino, asegurando que el movimiento mundial \u00abm\u00e1s temprano que tarde acompa\u00f1ar\u00e1 al pueblo palestino a la refundaci\u00f3n de su Estado, a su independencia y a su territorio\u00bb.<\/p>\n\n\n\n<p><strong>Prensa Presidencial \/ Iliana Rosales<\/strong><\/p>\n\n\n\n<p><\/p>\n","protected":false},"excerpt":{"rendered":"<p>La Casona Aquiles Nazoa, Caracas.- El presidente de la Rep\u00fablica Bolivariana de Venezuela, Nicol\u00e1s Maduro, durante la XIII Cumbre Extraordinaria de Jefes de Estado de la Alianza Bolivariana para los Pueblos de Nuestra Am\u00e9rica &#8211; Tratado de Comercio de los Pueblos (ALBA-TCP), reafirm\u00f3 el car\u00e1cter antiimperialista de su pa\u00eds, que a trav\u00e9s del legado del [&hellip;]<\/p>\n","protected":false},"author":1,"featured_media":23128,"comment_status":"open","ping_status":"open","sticky":false,"template":"","format":"standard","meta":{"footnotes":""},"categories":[18,7],"tags":[179,1782,19,557,20],"class_list":["post-23127","post","type-post","status-publish","format-standard","has-post-thumbnail","hentry","category-noticias-principales","category-notas-de-prensa","tag-alba-tcp","tag-cumbre-extraordinaria","tag-nicolas-maduro","tag-paz","tag-venezuela"],"_links":{"self":[{"href":"https:\/\/prensapresidencialvenezuela.gob.ve\/index.php\/wp-json\/wp\/v2\/posts\/23127","targetHints":{"allow":["GET"]}}],"collection":[{"href":"https:\/\/prensapresidencialvenezuela.gob.ve\/index.php\/wp-json\/wp\/v2\/posts"}],"about":[{"href":"https:\/\/prensapresidencialvenezuela.gob.ve\/index.php\/wp-json\/wp\/v2\/types\/post"}],"author":[{"embeddable":true,"href":"https:\/\/prensapresidencialvenezuela.gob.ve\/index.php\/wp-json\/wp\/v2\/users\/1"}],"replies":[{"embeddable":true,"href":"https:\/\/prensapresidencialvenezuela.gob.ve\/index.php\/wp-json\/wp\/v2\/comments?post=23127"}],"version-history":[{"count":1,"href":"https:\/\/prensapresidencialvenezuela.gob.ve\/index.php\/wp-json\/wp\/v2\/posts\/23127\/revisions"}],"predecessor-version":[{"id":23129,"href":"https:\/\/prensapresidencialvenezuela.gob.ve\/index.php\/wp-json\/wp\/v2\/posts\/23127\/revisions\/23129"}],"wp:featuredmedia":[{"embeddable":true,"href":"https:\/\/prensapresidencialvenezuela.gob.ve\/index.php\/wp-json\/wp\/v2\/media\/23128"}],"wp:attachment":[{"href":"https:\/\/prensapresidencialvenezuela.gob.ve\/index.php\/wp-json\/wp\/v2\/media?parent=23127"}],"wp:term":[{"taxonomy":"category","embeddable":true,"href":"https:\/\/prensapresidencialvenezuela.gob.ve\/index.php\/wp-json\/wp\/v2\/categories?post=23127"},{"taxonomy":"post_tag","embeddable":true,"href":"https:\/\/prensapresidencialvenezuela.gob.ve\/index.php\/wp-json\/wp\/v2\/tags?post=23127"}],"curies":[{"name":"wp","href":"https:\/\/api.w.org\/{rel}","templated":true}]}}