{"id":23143,"date":"2025-08-20T21:28:30","date_gmt":"2025-08-21T01:28:30","guid":{"rendered":"https:\/\/prensapresidencialvenezuela.gob.ve\/?p=23143"},"modified":"2025-08-20T21:30:33","modified_gmt":"2025-08-21T01:30:33","slug":"bolivia-respalda-a-venezuela-y-considera-inadmisible-despliegue-militar-de-ee-uu-en-el-caribe","status":"publish","type":"post","link":"https:\/\/prensapresidencialvenezuela.gob.ve\/index.php\/2025\/08\/20\/bolivia-respalda-a-venezuela-y-considera-inadmisible-despliegue-militar-de-ee-uu-en-el-caribe\/","title":{"rendered":"Bolivia respalda a Venezuela y considera inadmisible despliegue militar de\u00a0 EE.UU. en el Caribe"},"content":{"rendered":"\n<p><strong>Casona Aquiles Nazoa, Caracas.-<\/strong> El presidente del Estado Plurinacional de Bolivia, Luis Arce, expres\u00f3 este mi\u00e9rcoles, durante la XIII Cumbre Extraordinaria de Jefes de Estado y de Gobierno de la Alianza Bolivariana para los Pueblos de Nuestra Am\u00e9rica &#8211; Tratado de Comercio de los Pueblos (ALBA-TCP), su absoluta solidaridad con el pueblo y el Gobierno de Venezuela, frente a lo que calific\u00f3 como una inadmisible provocaci\u00f3n por parte de los Estados Unidos (EE.UU.).<\/p>\n\n\n\n<p>La declaraci\u00f3n se produce tras el despliegue de fuerzas militares estadounidenses en el mar Caribe, lo que el Mandatario boliviano describi\u00f3 como una abierta amenaza a la paz regional, que vulnera la soberan\u00eda de los Estados latinoamericanos.<\/p>\n\n\n\n<p>La estrategia militar de EE.UU., bajo el pretexto de combatir el narcotr\u00e1fico, busca en realidad ocultar su verdadero objetivo: controlar geopol\u00edticamente a Am\u00e9rica Latina y sus recursos naturales. El presidente record\u00f3 que t\u00e1cticas similares ya se usaron en la d\u00e9cada de los 80, con un resultado fallido, y se\u00f1al\u00f3 que la verdadera lucha contra las drogas debe empezar por acabar con la demanda dentro del territorio estadounidense.<\/p>\n\n\n\n<p>\u00abEsta estrategia ya fue desplegada en la d\u00e9cada de los 80 del siglo pasado y su resultado da cuenta de un fracaso\u00bb, afirm\u00f3, para luego criticar que el imperialismo &nbsp;no haga lo suficiente para detener a las industrias de armas y la cultura banal que acompa\u00f1an a los empresarios de la droga.<\/p>\n\n\n\n<p><\/p>\n\n\n\n<figure class=\"wp-block-image size-large\"><img fetchpriority=\"high\" decoding=\"async\" width=\"1024\" height=\"683\" src=\"https:\/\/prensapresidencialvenezuela.gob.ve\/wp-content\/uploads\/2025\/08\/09_O__8899_P-1024x683.jpg\" alt=\"\" class=\"wp-image-23119\" srcset=\"https:\/\/prensapresidencialvenezuela.gob.ve\/wp-content\/uploads\/2025\/08\/09_O__8899_P-1024x683.jpg 1024w, https:\/\/prensapresidencialvenezuela.gob.ve\/wp-content\/uploads\/2025\/08\/09_O__8899_P-300x200.jpg 300w, https:\/\/prensapresidencialvenezuela.gob.ve\/wp-content\/uploads\/2025\/08\/09_O__8899_P-768x512.jpg 768w, https:\/\/prensapresidencialvenezuela.gob.ve\/wp-content\/uploads\/2025\/08\/09_O__8899_P-1536x1024.jpg 1536w, https:\/\/prensapresidencialvenezuela.gob.ve\/wp-content\/uploads\/2025\/08\/09_O__8899_P-2048x1365.jpg 2048w\" sizes=\"(max-width: 1024px) 100vw, 1024px\" \/><\/figure>\n\n\n\n<p><strong>No al complot<\/strong><\/p>\n\n\n\n<p>El Presidente boliviano tambi\u00e9n hizo referencia a la recompensa que EE.UU. ofrece por la detenci\u00f3n del presidente Nicol\u00e1s Maduro, calific\u00e1ndola como un acto inaceptable de injerencia y un ataque directo a la soberan\u00eda de Venezuela. En ese sentido, compar\u00f3 la medida con los complots que en el pasado las agencias de inteligencia ejecutaron para asesinar a l\u00edderes como el comandante de la Revoluci\u00f3n Cubana, Fidel Castro, y el comandante de la Revoluci\u00f3n Bolivariana, Hugo Ch\u00e1vez.<\/p>\n\n\n\n<p>Finalmente, enfatiz\u00f3 que la seguridad de los pueblos no se construye con la presencia de buques de guerra ni tropas extranjeras. En su lugar, la paz y la estabilidad se logran a trav\u00e9s de una mayor integraci\u00f3n, justicia social, democracia y soberan\u00eda en la regi\u00f3n.<\/p>\n\n\n\n<p><strong>Prensa Presidencial \/ Iliana Rosales<\/strong><\/p>\n","protected":false},"excerpt":{"rendered":"<p>Casona Aquiles Nazoa, Caracas.- El presidente del Estado Plurinacional de Bolivia, Luis Arce, expres\u00f3 este mi\u00e9rcoles, durante la XIII Cumbre Extraordinaria de Jefes de Estado y de Gobierno de la Alianza Bolivariana para los Pueblos de Nuestra Am\u00e9rica &#8211; Tratado de Comercio de los Pueblos (ALBA-TCP), su absoluta solidaridad con el pueblo y el Gobierno [&hellip;]<\/p>\n","protected":false},"author":1,"featured_media":23116,"comment_status":"open","ping_status":"open","sticky":false,"template":"","format":"standard","meta":{"footnotes":""},"categories":[18,7],"tags":[179,1782,19,557,20],"class_list":["post-23143","post","type-post","status-publish","format-standard","has-post-thumbnail","hentry","category-noticias-principales","category-notas-de-prensa","tag-alba-tcp","tag-cumbre-extraordinaria","tag-nicolas-maduro","tag-paz","tag-venezuela"],"_links":{"self":[{"href":"https:\/\/prensapresidencialvenezuela.gob.ve\/index.php\/wp-json\/wp\/v2\/posts\/23143","targetHints":{"allow":["GET"]}}],"collection":[{"href":"https:\/\/prensapresidencialvenezuela.gob.ve\/index.php\/wp-json\/wp\/v2\/posts"}],"about":[{"href":"https:\/\/prensapresidencialvenezuela.gob.ve\/index.php\/wp-json\/wp\/v2\/types\/post"}],"author":[{"embeddable":true,"href":"https:\/\/prensapresidencialvenezuela.gob.ve\/index.php\/wp-json\/wp\/v2\/users\/1"}],"replies":[{"embeddable":true,"href":"https:\/\/prensapresidencialvenezuela.gob.ve\/index.php\/wp-json\/wp\/v2\/comments?post=23143"}],"version-history":[{"count":1,"href":"https:\/\/prensapresidencialvenezuela.gob.ve\/index.php\/wp-json\/wp\/v2\/posts\/23143\/revisions"}],"predecessor-version":[{"id":23144,"href":"https:\/\/prensapresidencialvenezuela.gob.ve\/index.php\/wp-json\/wp\/v2\/posts\/23143\/revisions\/23144"}],"wp:featuredmedia":[{"embeddable":true,"href":"https:\/\/prensapresidencialvenezuela.gob.ve\/index.php\/wp-json\/wp\/v2\/media\/23116"}],"wp:attachment":[{"href":"https:\/\/prensapresidencialvenezuela.gob.ve\/index.php\/wp-json\/wp\/v2\/media?parent=23143"}],"wp:term":[{"taxonomy":"category","embeddable":true,"href":"https:\/\/prensapresidencialvenezuela.gob.ve\/index.php\/wp-json\/wp\/v2\/categories?post=23143"},{"taxonomy":"post_tag","embeddable":true,"href":"https:\/\/prensapresidencialvenezuela.gob.ve\/index.php\/wp-json\/wp\/v2\/tags?post=23143"}],"curies":[{"name":"wp","href":"https:\/\/api.w.org\/{rel}","templated":true}]}}