{"id":23146,"date":"2025-08-20T22:07:37","date_gmt":"2025-08-21T02:07:37","guid":{"rendered":"https:\/\/prensapresidencialvenezuela.gob.ve\/?p=23146"},"modified":"2025-08-21T08:23:36","modified_gmt":"2025-08-21T12:23:36","slug":"pueblos-de-la-alba-tcp-denuncian-acusaciones-infundadas-por-ee-uu-contra-el-presidente-maduro","status":"publish","type":"post","link":"https:\/\/prensapresidencialvenezuela.gob.ve\/index.php\/2025\/08\/20\/pueblos-de-la-alba-tcp-denuncian-acusaciones-infundadas-por-ee-uu-contra-el-presidente-maduro\/","title":{"rendered":"Pueblos de la ALBA-TCP denuncian acusaciones infundadas por EE.UU. contra el presidente Maduro\u00a0\u00a0"},"content":{"rendered":"\n<p><strong>La Casona Cultural Aquiles Nazoa, Caracas.- <\/strong>Durante la XIII Cumbre Extraordinaria de Jefes de Estado y de Gobierno de la Alianza Bolivariana para los Pueblos de Nuestra Am\u00e9rica \u2013 Tratado de Comercio de los Pueblos (ALBA- TCP), miembros de los pa\u00edses que integran la organizaci\u00f3n internacional, manifestaron su respaldo contundente al Mandatario venezolano.<\/p>\n\n\n\n<p>En esta l\u00ednea, el presidente de la Rep\u00fablica de Cuba, Miguel D\u00edaz Canel, asever\u00f3 de manera determinante su rechazo a estas acciones del imperio, que sin prueba alguna buscan desestimar la integridad del Presidente venezolano; motivo por el cual, dijo: \u00abCuba denuncia firmemente esta nueva demostraci\u00f3n de fuerza imperial, por lo que nos unimos al llamado del presidente Nicol\u00e1s Maduro, a la ALBA-TCP y a todos los pueblos del mundo, a condenar esta irracional arremetida de la Administraci\u00f3n Trump\u00bb.<\/p>\n\n\n\n<p>El Dignatario cubano tambi\u00e9n ha se\u00f1alado que este tipo de maniobras, a las que acude el imperialismo norteamericano, albergan intenciones agresivas contra Estados soberanos, ya que cuando el imperio no es capaz de tolerar los instintos de resistencia de los pueblos, buscan pretextos fraudulentos para reactivar la Doctrina Monroe, una postura clave del intervencionismo del Gobierno estadounidense en Am\u00e9rica Latina y el Caribe.<\/p>\n\n\n\n<p>\u00abNo nos queda otra alternativa que la de enfrentar al imperio, que pretende subordinarnos a sus intereses. Y debemos hacerlo firmemente, unidos en convicciones y en acci\u00f3n. La paz y la coexistencia pac\u00edfica entre los Estados a la que aspiramos, no puede asentarse en la ingenuidad (\u2026), nos corresponde defenderlas como un derecho hist\u00f3rico, irrenunciable y desde posiciones realistas\u00bb, subray\u00f3 D\u00edaz Canel.&nbsp;<\/p>\n\n\n\n<p>Al mismo tiempo, puntualiz\u00f3 que las operaciones que intenta ejecutar el Gobierno de los Estados Unidos en territorio venezolano, es una violaci\u00f3n a la soberan\u00eda de las naciones que integran la regi\u00f3n, y una alteraci\u00f3n adicional del r\u00e9gimen de paz y cooperaci\u00f3n de los pa\u00edses latinoamericanos y caribe\u00f1os.<\/p>\n\n\n\n<p><strong>Nicaragua: Un respaldo contundente<\/strong><\/p>\n\n\n\n<p>Por su parte, el presidente de la Rep\u00fablica de Nicaragua, Daniel Ortega Saavedra, expres\u00f3 durante su participaci\u00f3n, su profundo descontento hacia las acciones imperialistas de los EE.UU. sobre Am\u00e9rica Latina y el Caribe, especialmente sobre Venezuela.<\/p>\n\n\n\n<p>Adem\u00e1s, impugn\u00f3 las agresiones y amenazas sobre la regi\u00f3n, la cual declar\u00f3 como una zona de paz, indicando lo siguiente: \u00abVenimos marchando, venimos avanzando, superando las agresiones de los que est\u00e1n destruyendo al pueblo all\u00e1, en Gaza, superando los bloqueos, las sanciones, las amenazas de todo tipo\u00bb.<\/p>\n\n\n\n<p>Luego de un recuento hist\u00f3rico de importantes acontecimientos en Nicaragua, el presidente Ortega Saavedra destac\u00f3: \u00abHoy es Venezuela, ma\u00f1ana lo intentar\u00e1n hacer con nuestros pa\u00edses\u00bb, raz\u00f3n por la que hizo un llamado a \u00abunir fuerzas y a resaltar la dignidad de los gobernantes latinoamericanos, para defender la soberan\u00eda de nuestros pueblos\u00bb, puntualiz\u00f3 en su alocuci\u00f3n.<\/p>\n\n\n\n<p><strong>Prensa Presidencial\/ Irmary D\u00edaz<\/strong><\/p>\n","protected":false},"excerpt":{"rendered":"<p>La Casona Cultural Aquiles Nazoa, Caracas.- Durante la XIII Cumbre Extraordinaria de Jefes de Estado y de Gobierno de la Alianza Bolivariana para los Pueblos de Nuestra Am\u00e9rica \u2013 Tratado de Comercio de los Pueblos (ALBA- TCP), miembros de los pa\u00edses que integran la organizaci\u00f3n internacional, manifestaron su respaldo contundente al Mandatario venezolano. En esta [&hellip;]<\/p>\n","protected":false},"author":1,"featured_media":23148,"comment_status":"open","ping_status":"open","sticky":false,"template":"","format":"standard","meta":{"footnotes":""},"categories":[18,7],"tags":[],"class_list":["post-23146","post","type-post","status-publish","format-standard","has-post-thumbnail","hentry","category-noticias-principales","category-notas-de-prensa"],"_links":{"self":[{"href":"https:\/\/prensapresidencialvenezuela.gob.ve\/index.php\/wp-json\/wp\/v2\/posts\/23146","targetHints":{"allow":["GET"]}}],"collection":[{"href":"https:\/\/prensapresidencialvenezuela.gob.ve\/index.php\/wp-json\/wp\/v2\/posts"}],"about":[{"href":"https:\/\/prensapresidencialvenezuela.gob.ve\/index.php\/wp-json\/wp\/v2\/types\/post"}],"author":[{"embeddable":true,"href":"https:\/\/prensapresidencialvenezuela.gob.ve\/index.php\/wp-json\/wp\/v2\/users\/1"}],"replies":[{"embeddable":true,"href":"https:\/\/prensapresidencialvenezuela.gob.ve\/index.php\/wp-json\/wp\/v2\/comments?post=23146"}],"version-history":[{"count":6,"href":"https:\/\/prensapresidencialvenezuela.gob.ve\/index.php\/wp-json\/wp\/v2\/posts\/23146\/revisions"}],"predecessor-version":[{"id":23162,"href":"https:\/\/prensapresidencialvenezuela.gob.ve\/index.php\/wp-json\/wp\/v2\/posts\/23146\/revisions\/23162"}],"wp:featuredmedia":[{"embeddable":true,"href":"https:\/\/prensapresidencialvenezuela.gob.ve\/index.php\/wp-json\/wp\/v2\/media\/23148"}],"wp:attachment":[{"href":"https:\/\/prensapresidencialvenezuela.gob.ve\/index.php\/wp-json\/wp\/v2\/media?parent=23146"}],"wp:term":[{"taxonomy":"category","embeddable":true,"href":"https:\/\/prensapresidencialvenezuela.gob.ve\/index.php\/wp-json\/wp\/v2\/categories?post=23146"},{"taxonomy":"post_tag","embeddable":true,"href":"https:\/\/prensapresidencialvenezuela.gob.ve\/index.php\/wp-json\/wp\/v2\/tags?post=23146"}],"curies":[{"name":"wp","href":"https:\/\/api.w.org\/{rel}","templated":true}]}}