{"id":2317,"date":"2022-06-10T16:11:00","date_gmt":"2022-06-10T16:11:00","guid":{"rendered":"http:\/\/172.27.0.121\/?p=2317"},"modified":"2022-07-13T16:12:22","modified_gmt":"2022-07-13T16:12:22","slug":"presidente-maduro-destaca-caracter-solidario-de-los-mandatarios-en-la-cumbre-de-las-americas","status":"publish","type":"post","link":"https:\/\/prensapresidencialvenezuela.gob.ve\/index.php\/2022\/06\/10\/presidente-maduro-destaca-caracter-solidario-de-los-mandatarios-en-la-cumbre-de-las-americas\/","title":{"rendered":"Presidente Maduro destaca car\u00e1cter solidario de los mandatarios en la Cumbre de las Am\u00e9ricas"},"content":{"rendered":"\n<p><strong>Teher\u00e1n, Ir\u00e1n.-<\/strong> El presidente de la Rep\u00fablica Nicol\u00e1s Maduro, destac\u00f3 el car\u00e1cter solidario ante la exclusi\u00f3n y trato discriminatorio en contra de Venezuela, Cuba y Nicaragua, en la Cumbre de las Am\u00e9ricas celebrada en Los \u00c1ngeles.<\/p>\n\n\n\n<p>\u201cEn medio de esta discusi\u00f3n se han dado discursos valientes en su mayor\u00eda, habido un repudio general de los mandatarios participantes a esta exclusi\u00f3n bochornosa contra tres pa\u00edses llenos de historia y dignidad\u201d, apunt\u00f3 en una entrevista concedida al medio HispanTV, durante su visita a la Rep\u00fablica Isl\u00e1mica de Ir\u00e1n.<\/p>\n\n\n\n<p>\u201cSe pretende que sea una Cumbre de las Am\u00e9ricas, sin embargo creo que ha sido una reuni\u00f3n que ha tenido diversas dimensiones. Una de ellas, la protesta de un grupo de Presidentes y primeros ministros del Caribe contra la exclusi\u00f3n pretendida por el gobierno de Estados Unidos (\u2026), eso ha sido una dimensi\u00f3n poderosa que marc\u00f3 esa reuni\u00f3n de Los \u00c1ngeles, que la convirti\u00f3 en un solo punto exclusi\u00f3n vs no exclusi\u00f3n\u201d.<\/p>\n\n\n\n<p>Asimismo, resalt\u00f3 la participaci\u00f3n y discurso del presidente de la Comunidad de Estados Latinoamericanos y Caribe\u00f1os (CELAC), Alberto Fern\u00e1ndez, quien \u201cha hecho un discurso firme, claro y valiente, y puso todo en su lugar a nombre de Am\u00e9rica Latina y El Caribe, despu\u00e9s de protestar y rechazar la exclusi\u00f3n ante el presidente (Joe) Biden\u201d .<\/p>\n\n\n\n<p>Al respecto, aplaudi\u00f3 la asistencia de m\u00e1s de 3 mil l\u00edderes y lideresas de Estados Unidos y de Am\u00e9rica en la Cumbre de los Pueblos de Los \u00c1ngeles. \u201cAll\u00ed se debatieron agendas concretas para avanzar en el tema del cambio clim\u00e1tico, derechos sociales de los pueblos, de la democracia participativa y directa, por lo que si hubo temas de inter\u00e9s.<\/p>\n\n\n\n<p><strong>Prensa Presidencial\/Joelin Jim\u00e9nez<\/strong><\/p>\n","protected":false},"excerpt":{"rendered":"<p>Teher\u00e1n, Ir\u00e1n.- El presidente de la Rep\u00fablica Nicol\u00e1s Maduro, destac\u00f3 el car\u00e1cter solidario ante la exclusi\u00f3n y trato discriminatorio en contra de Venezuela, Cuba y Nicaragua, en la Cumbre de las Am\u00e9ricas celebrada en Los \u00c1ngeles. \u201cEn medio de esta discusi\u00f3n se han dado discursos valientes en su mayor\u00eda, habido un repudio general de los [&hellip;]<\/p>\n","protected":false},"author":6,"featured_media":2318,"comment_status":"open","ping_status":"open","sticky":false,"template":"","format":"standard","meta":{"footnotes":""},"categories":[7],"tags":[],"class_list":["post-2317","post","type-post","status-publish","format-standard","has-post-thumbnail","hentry","category-notas-de-prensa"],"_links":{"self":[{"href":"https:\/\/prensapresidencialvenezuela.gob.ve\/index.php\/wp-json\/wp\/v2\/posts\/2317","targetHints":{"allow":["GET"]}}],"collection":[{"href":"https:\/\/prensapresidencialvenezuela.gob.ve\/index.php\/wp-json\/wp\/v2\/posts"}],"about":[{"href":"https:\/\/prensapresidencialvenezuela.gob.ve\/index.php\/wp-json\/wp\/v2\/types\/post"}],"author":[{"embeddable":true,"href":"https:\/\/prensapresidencialvenezuela.gob.ve\/index.php\/wp-json\/wp\/v2\/users\/6"}],"replies":[{"embeddable":true,"href":"https:\/\/prensapresidencialvenezuela.gob.ve\/index.php\/wp-json\/wp\/v2\/comments?post=2317"}],"version-history":[{"count":1,"href":"https:\/\/prensapresidencialvenezuela.gob.ve\/index.php\/wp-json\/wp\/v2\/posts\/2317\/revisions"}],"predecessor-version":[{"id":2319,"href":"https:\/\/prensapresidencialvenezuela.gob.ve\/index.php\/wp-json\/wp\/v2\/posts\/2317\/revisions\/2319"}],"wp:featuredmedia":[{"embeddable":true,"href":"https:\/\/prensapresidencialvenezuela.gob.ve\/index.php\/wp-json\/wp\/v2\/media\/2318"}],"wp:attachment":[{"href":"https:\/\/prensapresidencialvenezuela.gob.ve\/index.php\/wp-json\/wp\/v2\/media?parent=2317"}],"wp:term":[{"taxonomy":"category","embeddable":true,"href":"https:\/\/prensapresidencialvenezuela.gob.ve\/index.php\/wp-json\/wp\/v2\/categories?post=2317"},{"taxonomy":"post_tag","embeddable":true,"href":"https:\/\/prensapresidencialvenezuela.gob.ve\/index.php\/wp-json\/wp\/v2\/tags?post=2317"}],"curies":[{"name":"wp","href":"https:\/\/api.w.org\/{rel}","templated":true}]}}