{"id":23186,"date":"2025-08-21T19:28:57","date_gmt":"2025-08-21T23:28:57","guid":{"rendered":"https:\/\/prensapresidencialvenezuela.gob.ve\/?p=23186"},"modified":"2025-08-21T19:28:57","modified_gmt":"2025-08-21T23:28:57","slug":"milicianos-reciben-condecoracion-cruz-de-la-mb-como-muestra-de-su-compromiso-y-lealtad-a-la-nacion","status":"publish","type":"post","link":"https:\/\/prensapresidencialvenezuela.gob.ve\/index.php\/2025\/08\/21\/milicianos-reciben-condecoracion-cruz-de-la-mb-como-muestra-de-su-compromiso-y-lealtad-a-la-nacion\/","title":{"rendered":"Milicianos reciben condecoraci\u00f3n \u00abCruz de la MB\u00bb como muestra de su compromiso y lealtad a la Naci\u00f3n"},"content":{"rendered":"\n<p><\/p>\n\n\n\n<p><strong>Parroquia 23 de Enero, Caracas.-<\/strong> Para reafirmar su orgullo inquebrantable ante cada uno de los miembros de la Milicia Nacional Bolivariana (MNB), quienes han demostrado su val\u00eda, m\u00e9todos t\u00e1cticos de resistencia revolucionaria y entrega, en los diversos escenarios que han fortalecido la defensa de la Patria, el jefe de Estado venezolano, condecor\u00f3 a los milicianos con la \u00abCruz de la Milicia Bolivariana\u00bb en su primera clase.<\/p>\n\n\n\n<p>\u00abEste reconocimiento es producto del patriotismo, calidad humana y revolucionaria de los milicianos que son merecedores de una condecoraci\u00f3n que la Patria pone en su pecho para seguir la batalla de victoria en victoria\u00bb, dijo el presidente de la Rep\u00fablica Bolivariana de Venezuela, Nicol\u00e1s Maduro Moros, durante la distinci\u00f3n de los diez (10) integrantes de la MNB.<\/p>\n\n\n\n<p>Estas medallas al m\u00e9rito, lealtad, abnegaci\u00f3n y compromiso con los deberes de la Patria, fueron impuestas en reconocimiento a la excepcional dedicaci\u00f3n y contribuci\u00f3n al fortalecimiento de la soberan\u00eda nacional; ya que cada integrante de la Milicia Bolivariana es un guardi\u00e1n de la libertad y la justicia que est\u00e1 dispuesto a defender con valor&nbsp; la Patria de Libertador Sim\u00f3n Bolivar y del Comandante Hugo Ch\u00e1vez.<\/p>\n\n\n\n<p><\/p>\n\n\n\n<figure class=\"wp-block-image size-large\"><img fetchpriority=\"high\" decoding=\"async\" width=\"1024\" height=\"678\" src=\"https:\/\/prensapresidencialvenezuela.gob.ve\/wp-content\/uploads\/2025\/08\/08EG__1699_P-1024x678.jpg\" alt=\"\" class=\"wp-image-23206\" srcset=\"https:\/\/prensapresidencialvenezuela.gob.ve\/wp-content\/uploads\/2025\/08\/08EG__1699_P-1024x678.jpg 1024w, https:\/\/prensapresidencialvenezuela.gob.ve\/wp-content\/uploads\/2025\/08\/08EG__1699_P-300x199.jpg 300w, https:\/\/prensapresidencialvenezuela.gob.ve\/wp-content\/uploads\/2025\/08\/08EG__1699_P-768x508.jpg 768w, https:\/\/prensapresidencialvenezuela.gob.ve\/wp-content\/uploads\/2025\/08\/08EG__1699_P-1536x1016.jpg 1536w, https:\/\/prensapresidencialvenezuela.gob.ve\/wp-content\/uploads\/2025\/08\/08EG__1699_P-2048x1355.jpg 2048w\" sizes=\"(max-width: 1024px) 100vw, 1024px\" \/><\/figure>\n\n\n\n<p>En este sentido, el Comandante en Jefe de la Fuerza Armada Nacional Bolivariana, Nicol\u00e1s Maduro, manifest\u00f3 que en el presente se cuenta con una doctrina s\u00f3lida de la Constituci\u00f3n de la Rep\u00fablica Bolivariana de Venezuela y Ley Constitucional de la FANB, que incluye a la MNB como el quinto componente profesional de la columna vertebral que garantiza la estabilidad de Venezuela, el cuerpo castrense.<\/p>\n\n\n\n<p>Como parte del acto, el Mandatario nacional recibi\u00f3 un presente institucional que detalla el Arco del Triunfo del General del Pueblo, Ezequiel Zamora, por parte del Comandante de la MNB, el MG Orlando Romero Bol\u00edvar e integrantes de la Milicia.<\/p>\n\n\n\n<p><\/p>\n\n\n\n<figure class=\"wp-block-image size-large\"><img decoding=\"async\" width=\"1024\" height=\"469\" src=\"https:\/\/prensapresidencialvenezuela.gob.ve\/wp-content\/uploads\/2025\/08\/20EG__1476_P-1024x469.jpg\" alt=\"\" class=\"wp-image-23184\" srcset=\"https:\/\/prensapresidencialvenezuela.gob.ve\/wp-content\/uploads\/2025\/08\/20EG__1476_P-1024x469.jpg 1024w, https:\/\/prensapresidencialvenezuela.gob.ve\/wp-content\/uploads\/2025\/08\/20EG__1476_P-300x137.jpg 300w, https:\/\/prensapresidencialvenezuela.gob.ve\/wp-content\/uploads\/2025\/08\/20EG__1476_P-768x352.jpg 768w, https:\/\/prensapresidencialvenezuela.gob.ve\/wp-content\/uploads\/2025\/08\/20EG__1476_P-1536x703.jpg 1536w, https:\/\/prensapresidencialvenezuela.gob.ve\/wp-content\/uploads\/2025\/08\/20EG__1476_P-2048x938.jpg 2048w\" sizes=\"(max-width: 1024px) 100vw, 1024px\" \/><\/figure>\n\n\n\n<p><strong>Integridad y defensa territorial<\/strong><\/p>\n\n\n\n<p>El Dignatario venezolano ha puntualizado que el pa\u00eds se mantiene en pie gracias al concepto patri\u00f3tico y bolivariano del siglo XXI que dej\u00f3 el Comandante Supremo Hugo Ch\u00e1vez, quien comando por a\u00f1os a un pueblo miliciano que defiende su derecho a la paz, a la integridad territorial, a la vida y a la independencia.<\/p>\n\n\n\n<p>En la misma l\u00ednea, el MG Romero Bol\u00edvar, precis\u00f3 que el pueblo miliciano siempre defender\u00e1 su derecho a la paz, a la soberan\u00eda; y por eso,&nbsp; est\u00e1 desplegada con capacidad de reacci\u00f3n inmediata para cualquier coyuntura que toque vivir y enfrentar.<\/p>\n\n\n\n<p>El quinto componente de la Fuerza Armada Nacional, la Milicia Bolivariana, se alza como el escudo m\u00e1s grande y s\u00f3lido de Venezuela, un s\u00edmbolo vivo del esp\u00edritu revolucionario y del compromiso inquebrantable de un pueblo, porque cada integrante de esta fuerza se ha convertido en fuerza protectora; un escudo patri\u00f3tico que har\u00e1 frente a cualquier amenaza.<\/p>\n\n\n\n<p><strong>Prensa Presidencial\/ Irmary D\u00edaz<\/strong><\/p>\n","protected":false},"excerpt":{"rendered":"<p>Parroquia 23 de Enero, Caracas.- Para reafirmar su orgullo inquebrantable ante cada uno de los miembros de la Milicia Nacional Bolivariana (MNB), quienes han demostrado su val\u00eda, m\u00e9todos t\u00e1cticos de resistencia revolucionaria y entrega, en los diversos escenarios que han fortalecido la defensa de la Patria, el jefe de Estado venezolano, condecor\u00f3 a los milicianos [&hellip;]<\/p>\n","protected":false},"author":1,"featured_media":23207,"comment_status":"open","ping_status":"open","sticky":false,"template":"","format":"standard","meta":{"footnotes":""},"categories":[18,7],"tags":[1778,65,1783,19,557,20],"class_list":["post-23186","post","type-post","status-publish","format-standard","has-post-thumbnail","hentry","category-noticias-principales","category-notas-de-prensa","tag-cuadrantes-de-paz","tag-fanb","tag-milicia-nacional-bolivariana","tag-nicolas-maduro","tag-paz","tag-venezuela"],"_links":{"self":[{"href":"https:\/\/prensapresidencialvenezuela.gob.ve\/index.php\/wp-json\/wp\/v2\/posts\/23186","targetHints":{"allow":["GET"]}}],"collection":[{"href":"https:\/\/prensapresidencialvenezuela.gob.ve\/index.php\/wp-json\/wp\/v2\/posts"}],"about":[{"href":"https:\/\/prensapresidencialvenezuela.gob.ve\/index.php\/wp-json\/wp\/v2\/types\/post"}],"author":[{"embeddable":true,"href":"https:\/\/prensapresidencialvenezuela.gob.ve\/index.php\/wp-json\/wp\/v2\/users\/1"}],"replies":[{"embeddable":true,"href":"https:\/\/prensapresidencialvenezuela.gob.ve\/index.php\/wp-json\/wp\/v2\/comments?post=23186"}],"version-history":[{"count":3,"href":"https:\/\/prensapresidencialvenezuela.gob.ve\/index.php\/wp-json\/wp\/v2\/posts\/23186\/revisions"}],"predecessor-version":[{"id":23208,"href":"https:\/\/prensapresidencialvenezuela.gob.ve\/index.php\/wp-json\/wp\/v2\/posts\/23186\/revisions\/23208"}],"wp:featuredmedia":[{"embeddable":true,"href":"https:\/\/prensapresidencialvenezuela.gob.ve\/index.php\/wp-json\/wp\/v2\/media\/23207"}],"wp:attachment":[{"href":"https:\/\/prensapresidencialvenezuela.gob.ve\/index.php\/wp-json\/wp\/v2\/media?parent=23186"}],"wp:term":[{"taxonomy":"category","embeddable":true,"href":"https:\/\/prensapresidencialvenezuela.gob.ve\/index.php\/wp-json\/wp\/v2\/categories?post=23186"},{"taxonomy":"post_tag","embeddable":true,"href":"https:\/\/prensapresidencialvenezuela.gob.ve\/index.php\/wp-json\/wp\/v2\/tags?post=23186"}],"curies":[{"name":"wp","href":"https:\/\/api.w.org\/{rel}","templated":true}]}}