{"id":23198,"date":"2025-08-21T19:20:48","date_gmt":"2025-08-21T23:20:48","guid":{"rendered":"https:\/\/prensapresidencialvenezuela.gob.ve\/?p=23198"},"modified":"2025-08-23T16:58:31","modified_gmt":"2025-08-23T20:58:31","slug":"gobierno-bolivariano-fusiona-la-fuerza-profesional-de-la-fanb-con-el-pueblo-en-armas","status":"publish","type":"post","link":"https:\/\/prensapresidencialvenezuela.gob.ve\/index.php\/2025\/08\/21\/gobierno-bolivariano-fusiona-la-fuerza-profesional-de-la-fanb-con-el-pueblo-en-armas\/","title":{"rendered":"Gobierno Bolivariano fusiona la fuerza profesional de la FANB con el Pueblo en Armas"},"content":{"rendered":"\n<p><strong>Parroquia 23 de Enero, Caracas<\/strong> \u2014 El Comandante en Jefe de la Fuerza Armada Nacional Bolivariana (FANB) y presidente de la Rep\u00fablica Bolivariana de Venezuela, Nicol\u00e1s Maduro Moros, refiri\u00f3 este jueves que la doctrina de seguridad del Estado &nbsp;se consolida al integrar a la Milicia Nacional Bolivariana (MNB) a los Cuadrantes de Paz.<\/p>\n\n\n\n<p>El Mandatario nacional explic\u00f3 que esta iniciativa, que tiene su sustento en el proyecto bolivariano, fortalecer\u00e1 la defensa integral de la naci\u00f3n y garantizar\u00e1 la seguridad del pueblo ante las amenazas imperiales que se ciernen sobre sobre la Patria. Sostuvo que la finalidad de esta acci\u00f3n es fusionar la fuerza profesional de la FANB con el Pueblo en Armas.<\/p>\n\n\n\n<p>Durante el acto de juramentaci\u00f3n de la MNB como integrantes de los Cuadrantes de Paz, realizado en la popular parroquia caraque\u00f1a 23 de Enero, destac\u00f3 que la filosof\u00eda militar del pa\u00eds tiene su basamento en los 500 a\u00f1os de resistencia y en la lucha antiimperialista. \u00abTenemos una doctrina s\u00f3lida basada en la Constituci\u00f3n de la Rep\u00fablica\u00bb, afirm\u00f3 el Presidente. Seguidamente subray\u00f3 la importancia de la Ley Constitucional de la FANB que reconoce a la Milicia como el quinto componente especial.<\/p>\n\n\n\n<p>El despliegue de la Milicia se realizar\u00e1 a trav\u00e9s de los 5 mil 336 circuitos comunales del pa\u00eds, en una acci\u00f3n enmarcada en la 3T Plan de la Patria de las 7 Transformaciones (7T), vinculado a la seguridad ciudadana y la defensa de la patria, la unidad e integridad territorial. En tal sentido, participar\u00e1 activamente en labores de patrullaje y vigilancia.<\/p>\n\n\n\n<p><strong>Fabricio Vive<\/strong><\/p>\n\n\n\n<p>Como ejemplo de este nuevo enfoque, Edimar C\u00e1rdenas, vocera de la Comuna Fabricio Vive, y el Coronel Abreu Su\u00e1rez Andr\u00e9s Armando, Comandante del \u00c1rea de Defensa Integral 811 de Catia, explicaron el funcionamiento de la \u00abDefensa Comunal Fabricio Vive\u00bb. Esta estrategia activa a la milicia comunal en una perfecta fusi\u00f3n militar-policial-comunal, entrenando a hombres y mujeres en t\u00e1cticas de defensa.<\/p>\n\n\n\n<p>Igualmente, detallaron que ser\u00e1n formados escuadrones de ingenieros para crear obst\u00e1culos de movilidad y posicionar sistemas de armas antia\u00e9reas que impidan &nbsp;el ingreso de aeronaves enemigas. Ante ello, demostraron la preparaci\u00f3n que existe en la poblaci\u00f3n para resistir y proteger sus territorios.<\/p>\n\n\n\n<p>La comuna Fabricio Vive, que cuenta con 13 consejos comunales y m\u00e1s de 16 mil personas, es un claro ejemplo de este modelo de defensa. Su \u00d3rgano de Defensa Integral Comunal, apoyado por la Polic\u00eda Nacional Bolivariana (PNB), Polic\u00eda de Caracas, la Milicia, la Guardia Nacional Bolivariana (GNB), Protecci\u00f3n Civil (PC) y Bomberos, asegura una respuesta coordinada y efectiva para resguardar la soberan\u00eda y la paz en el territorio nacional.<\/p>\n\n\n\n<p><strong>Prensa Presidencial \/ Iliana Rosales<\/strong><\/p>\n","protected":false},"excerpt":{"rendered":"<p>Parroquia 23 de Enero, Caracas \u2014 El Comandante en Jefe de la Fuerza Armada Nacional Bolivariana (FANB) y presidente de la Rep\u00fablica Bolivariana de Venezuela, Nicol\u00e1s Maduro Moros, refiri\u00f3 este jueves que la doctrina de seguridad del Estado &nbsp;se consolida al integrar a la Milicia Nacional Bolivariana (MNB) a los Cuadrantes de Paz. El Mandatario [&hellip;]<\/p>\n","protected":false},"author":1,"featured_media":23191,"comment_status":"open","ping_status":"open","sticky":false,"template":"","format":"standard","meta":{"footnotes":""},"categories":[18,7],"tags":[1778,65,1783,19,557,27,20],"class_list":["post-23198","post","type-post","status-publish","format-standard","has-post-thumbnail","hentry","category-noticias-principales","category-notas-de-prensa","tag-cuadrantes-de-paz","tag-fanb","tag-milicia-nacional-bolivariana","tag-nicolas-maduro","tag-paz","tag-revolucion-bolivariana","tag-venezuela"],"_links":{"self":[{"href":"https:\/\/prensapresidencialvenezuela.gob.ve\/index.php\/wp-json\/wp\/v2\/posts\/23198","targetHints":{"allow":["GET"]}}],"collection":[{"href":"https:\/\/prensapresidencialvenezuela.gob.ve\/index.php\/wp-json\/wp\/v2\/posts"}],"about":[{"href":"https:\/\/prensapresidencialvenezuela.gob.ve\/index.php\/wp-json\/wp\/v2\/types\/post"}],"author":[{"embeddable":true,"href":"https:\/\/prensapresidencialvenezuela.gob.ve\/index.php\/wp-json\/wp\/v2\/users\/1"}],"replies":[{"embeddable":true,"href":"https:\/\/prensapresidencialvenezuela.gob.ve\/index.php\/wp-json\/wp\/v2\/comments?post=23198"}],"version-history":[{"count":3,"href":"https:\/\/prensapresidencialvenezuela.gob.ve\/index.php\/wp-json\/wp\/v2\/posts\/23198\/revisions"}],"predecessor-version":[{"id":23282,"href":"https:\/\/prensapresidencialvenezuela.gob.ve\/index.php\/wp-json\/wp\/v2\/posts\/23198\/revisions\/23282"}],"wp:featuredmedia":[{"embeddable":true,"href":"https:\/\/prensapresidencialvenezuela.gob.ve\/index.php\/wp-json\/wp\/v2\/media\/23191"}],"wp:attachment":[{"href":"https:\/\/prensapresidencialvenezuela.gob.ve\/index.php\/wp-json\/wp\/v2\/media?parent=23198"}],"wp:term":[{"taxonomy":"category","embeddable":true,"href":"https:\/\/prensapresidencialvenezuela.gob.ve\/index.php\/wp-json\/wp\/v2\/categories?post=23198"},{"taxonomy":"post_tag","embeddable":true,"href":"https:\/\/prensapresidencialvenezuela.gob.ve\/index.php\/wp-json\/wp\/v2\/tags?post=23198"}],"curies":[{"name":"wp","href":"https:\/\/api.w.org\/{rel}","templated":true}]}}