{"id":23209,"date":"2025-08-21T20:11:14","date_gmt":"2025-08-22T00:11:14","guid":{"rendered":"https:\/\/prensapresidencialvenezuela.gob.ve\/?p=23209"},"modified":"2025-08-21T20:11:15","modified_gmt":"2025-08-22T00:11:15","slug":"gran-jornada-de-alistamiento-de-la-milicia-bolivariana-anuncia-el-presidente-nicolas-maduro","status":"publish","type":"post","link":"https:\/\/prensapresidencialvenezuela.gob.ve\/index.php\/2025\/08\/21\/gran-jornada-de-alistamiento-de-la-milicia-bolivariana-anuncia-el-presidente-nicolas-maduro\/","title":{"rendered":"Gran jornada de alistamiento de la Milicia Bolivariana anuncia el Presidente Nicol\u00e1s Maduro"},"content":{"rendered":"\n<p><strong>Parroquia 23 de Enero, Caracas.- <\/strong>El presidente de la Rep\u00fablica Bolivariana de Venezuela, Nicol\u00e1s Maduro, anunci\u00f3 este jueves una gran jornada de alistamiento para este fin de semana. La iniciativa forma parte del Plan Nacional de Soberan\u00eda y Paz Sim\u00f3n Bol\u00edvar, con el objetivo de movilizar a milicianos, reservistas y ciudadanos que deseen unirse.<\/p>\n\n\n\n<p>\u00abVenezuela quiere paz (\u2026) y si Venezuela quiere paz, habr\u00e1 paz\u00bb, expres\u00f3 el Jefe de Estado, tras anunciar que la actividad se llevar\u00e1 a cabo este pr\u00f3ximo s\u00e1bado y domingo.<\/p>\n\n\n\n<p>El presidente Maduro detall\u00f3 que los puntos para el alistamiento se establecer\u00e1n en los cuarteles militares, unidades militares, plazas p\u00fablicas centrales, plazas Bol\u00edvar, y en las 15 mil 751 bases populares de defensa integral del pa\u00eds.<\/p>\n\n\n\n<p>En su rol de Comandante en Jefe, aprovech\u00f3 para hacer un llamado a la calma y a la movilizaci\u00f3n, enfatizando la necesidad de la uni\u00f3n c\u00edvico-militar. \u00abNervios de acero, calma y cordura, m\u00e1xima uni\u00f3n popular-militar-policial y m\u00e1xima movilizaci\u00f3n para garantizar la paz (\u2026). Dios est\u00e1 con nosotros y tenemos la victoria de nuestra parte\u00bb, expres\u00f3.<\/p>\n\n\n\n<figure class=\"wp-block-image size-large\"><img fetchpriority=\"high\" decoding=\"async\" width=\"1024\" height=\"935\" src=\"https:\/\/prensapresidencialvenezuela.gob.ve\/wp-content\/uploads\/2025\/08\/17_ZC_L0006_P-1024x935.jpg\" alt=\"\" class=\"wp-image-23192\" srcset=\"https:\/\/prensapresidencialvenezuela.gob.ve\/wp-content\/uploads\/2025\/08\/17_ZC_L0006_P-1024x935.jpg 1024w, https:\/\/prensapresidencialvenezuela.gob.ve\/wp-content\/uploads\/2025\/08\/17_ZC_L0006_P-300x274.jpg 300w, https:\/\/prensapresidencialvenezuela.gob.ve\/wp-content\/uploads\/2025\/08\/17_ZC_L0006_P-768x701.jpg 768w, https:\/\/prensapresidencialvenezuela.gob.ve\/wp-content\/uploads\/2025\/08\/17_ZC_L0006_P-1536x1402.jpg 1536w, https:\/\/prensapresidencialvenezuela.gob.ve\/wp-content\/uploads\/2025\/08\/17_ZC_L0006_P-2048x1869.jpg 2048w\" sizes=\"(max-width: 1024px) 100vw, 1024px\" \/><\/figure>\n\n\n\n<p>Las declaraciones se dieron durante una parada miliciana en la colina donde se encontraba el antiguo Observatorio Cajigal, en la parroquia 23 de Enero, Caracas. Desde este lugar, el Presidente Maduro realiz\u00f3 la juramentaci\u00f3n de la Milicia Nacional Bolivariana (MNB) como integrante de los Cuadrantes de Paz.<\/p>\n\n\n\n<p><strong>Prensa Presidencial \/ Iliana Rosales<\/strong><\/p>\n","protected":false},"excerpt":{"rendered":"<p>Parroquia 23 de Enero, Caracas.- El presidente de la Rep\u00fablica Bolivariana de Venezuela, Nicol\u00e1s Maduro, anunci\u00f3 este jueves una gran jornada de alistamiento para este fin de semana. La iniciativa forma parte del Plan Nacional de Soberan\u00eda y Paz Sim\u00f3n Bol\u00edvar, con el objetivo de movilizar a milicianos, reservistas y ciudadanos que deseen unirse. \u00abVenezuela [&hellip;]<\/p>\n","protected":false},"author":1,"featured_media":23205,"comment_status":"open","ping_status":"open","sticky":false,"template":"","format":"standard","meta":{"footnotes":""},"categories":[18,7],"tags":[1778,65,1783,19,557,20],"class_list":["post-23209","post","type-post","status-publish","format-standard","has-post-thumbnail","hentry","category-noticias-principales","category-notas-de-prensa","tag-cuadrantes-de-paz","tag-fanb","tag-milicia-nacional-bolivariana","tag-nicolas-maduro","tag-paz","tag-venezuela"],"_links":{"self":[{"href":"https:\/\/prensapresidencialvenezuela.gob.ve\/index.php\/wp-json\/wp\/v2\/posts\/23209","targetHints":{"allow":["GET"]}}],"collection":[{"href":"https:\/\/prensapresidencialvenezuela.gob.ve\/index.php\/wp-json\/wp\/v2\/posts"}],"about":[{"href":"https:\/\/prensapresidencialvenezuela.gob.ve\/index.php\/wp-json\/wp\/v2\/types\/post"}],"author":[{"embeddable":true,"href":"https:\/\/prensapresidencialvenezuela.gob.ve\/index.php\/wp-json\/wp\/v2\/users\/1"}],"replies":[{"embeddable":true,"href":"https:\/\/prensapresidencialvenezuela.gob.ve\/index.php\/wp-json\/wp\/v2\/comments?post=23209"}],"version-history":[{"count":1,"href":"https:\/\/prensapresidencialvenezuela.gob.ve\/index.php\/wp-json\/wp\/v2\/posts\/23209\/revisions"}],"predecessor-version":[{"id":23210,"href":"https:\/\/prensapresidencialvenezuela.gob.ve\/index.php\/wp-json\/wp\/v2\/posts\/23209\/revisions\/23210"}],"wp:featuredmedia":[{"embeddable":true,"href":"https:\/\/prensapresidencialvenezuela.gob.ve\/index.php\/wp-json\/wp\/v2\/media\/23205"}],"wp:attachment":[{"href":"https:\/\/prensapresidencialvenezuela.gob.ve\/index.php\/wp-json\/wp\/v2\/media?parent=23209"}],"wp:term":[{"taxonomy":"category","embeddable":true,"href":"https:\/\/prensapresidencialvenezuela.gob.ve\/index.php\/wp-json\/wp\/v2\/categories?post=23209"},{"taxonomy":"post_tag","embeddable":true,"href":"https:\/\/prensapresidencialvenezuela.gob.ve\/index.php\/wp-json\/wp\/v2\/tags?post=23209"}],"curies":[{"name":"wp","href":"https:\/\/api.w.org\/{rel}","templated":true}]}}