{"id":23211,"date":"2025-08-21T21:47:53","date_gmt":"2025-08-22T01:47:53","guid":{"rendered":"https:\/\/prensapresidencialvenezuela.gob.ve\/?p=23211"},"modified":"2025-08-21T21:49:27","modified_gmt":"2025-08-22T01:49:27","slug":"estado-mayor-superior-de-la-fanb-sostiene-encuentro-con-el-jefe-de-estado-venezolano","status":"publish","type":"post","link":"https:\/\/prensapresidencialvenezuela.gob.ve\/index.php\/2025\/08\/21\/estado-mayor-superior-de-la-fanb-sostiene-encuentro-con-el-jefe-de-estado-venezolano\/","title":{"rendered":"Estado Mayor Superior de la FANB sostiene encuentro con el jefe de Estado venezolano"},"content":{"rendered":"\n<p><strong>Parroquia 23 de Enero, Caracas.-<\/strong> El presidente de la Rep\u00fablica Bolivariana de Venezuela y Comandante en Jefe de la Fuerza Armada Nacional Bolivariana (FANB), Nicol\u00e1s Maduro, sostuvo este jueves un encuentro con el Estado Mayor Superior de la FANB y el Alto Mando Pol\u00edtico-Policial, de cara a garantizar la defensa integral de la naci\u00f3n, frente a las amenazas imperiales que se ciernen contra la Patria.<\/p>\n\n\n\n<p>La reuni\u00f3n tuvo lugar en la Comandancia General de Milicia Nacional Bolivariana (MNB), con sede en la parroquia 23 de Enero de la ciudad de Caracas, donde minutos antes realiz\u00f3 la juramentaci\u00f3n de la MNB como integrante de los Cuadrantes de Paz.<\/p>\n\n\n\n<p>El prop\u00f3sito de la cita fue revisar el mapa de acci\u00f3n enmarcado en el Plan de la Patria de las Siete Transformaciones (7T), teniendo como eje central el fortalecimiento de las capacidades log\u00edsticas y organizativas de la seguridad y la defensa territorial, ante cualquier escenario que ponga en riesgo la paz social.<\/p>\n\n\n\n<p>El presidente Maduro inform\u00f3 que la Milicia Bolivariana est\u00e1 integrada por m\u00e1s de cuatro millones 500 mil hombres y mujeres en todo el pa\u00eds, que han sido entrenados y est\u00e1n dispuestos a proteger cada rinc\u00f3n de Venezuela.<\/p>\n\n\n\n<figure class=\"wp-block-image size-large\"><img fetchpriority=\"high\" decoding=\"async\" width=\"1024\" height=\"683\" src=\"https:\/\/prensapresidencialvenezuela.gob.ve\/wp-content\/uploads\/2025\/08\/08_ZC__6830_P-1024x683.jpg\" alt=\"\" class=\"wp-image-23214\" srcset=\"https:\/\/prensapresidencialvenezuela.gob.ve\/wp-content\/uploads\/2025\/08\/08_ZC__6830_P-1024x683.jpg 1024w, https:\/\/prensapresidencialvenezuela.gob.ve\/wp-content\/uploads\/2025\/08\/08_ZC__6830_P-300x200.jpg 300w, https:\/\/prensapresidencialvenezuela.gob.ve\/wp-content\/uploads\/2025\/08\/08_ZC__6830_P-768x512.jpg 768w, https:\/\/prensapresidencialvenezuela.gob.ve\/wp-content\/uploads\/2025\/08\/08_ZC__6830_P-1536x1024.jpg 1536w, https:\/\/prensapresidencialvenezuela.gob.ve\/wp-content\/uploads\/2025\/08\/08_ZC__6830_P-2048x1366.jpg 2048w\" sizes=\"(max-width: 1024px) 100vw, 1024px\" \/><\/figure>\n\n\n\n<p><strong>Prensa Presidencial \/ Iliana Rosales<\/strong><\/p>\n\n\n\n<p><\/p>\n","protected":false},"excerpt":{"rendered":"<p>Parroquia 23 de Enero, Caracas.- El presidente de la Rep\u00fablica Bolivariana de Venezuela y Comandante en Jefe de la Fuerza Armada Nacional Bolivariana (FANB), Nicol\u00e1s Maduro, sostuvo este jueves un encuentro con el Estado Mayor Superior de la FANB y el Alto Mando Pol\u00edtico-Policial, de cara a garantizar la defensa integral de la naci\u00f3n, frente [&hellip;]<\/p>\n","protected":false},"author":1,"featured_media":23212,"comment_status":"open","ping_status":"open","sticky":false,"template":"","format":"standard","meta":{"footnotes":""},"categories":[18,7],"tags":[1778,65,19,557,20],"class_list":["post-23211","post","type-post","status-publish","format-standard","has-post-thumbnail","hentry","category-noticias-principales","category-notas-de-prensa","tag-cuadrantes-de-paz","tag-fanb","tag-nicolas-maduro","tag-paz","tag-venezuela"],"_links":{"self":[{"href":"https:\/\/prensapresidencialvenezuela.gob.ve\/index.php\/wp-json\/wp\/v2\/posts\/23211","targetHints":{"allow":["GET"]}}],"collection":[{"href":"https:\/\/prensapresidencialvenezuela.gob.ve\/index.php\/wp-json\/wp\/v2\/posts"}],"about":[{"href":"https:\/\/prensapresidencialvenezuela.gob.ve\/index.php\/wp-json\/wp\/v2\/types\/post"}],"author":[{"embeddable":true,"href":"https:\/\/prensapresidencialvenezuela.gob.ve\/index.php\/wp-json\/wp\/v2\/users\/1"}],"replies":[{"embeddable":true,"href":"https:\/\/prensapresidencialvenezuela.gob.ve\/index.php\/wp-json\/wp\/v2\/comments?post=23211"}],"version-history":[{"count":4,"href":"https:\/\/prensapresidencialvenezuela.gob.ve\/index.php\/wp-json\/wp\/v2\/posts\/23211\/revisions"}],"predecessor-version":[{"id":23219,"href":"https:\/\/prensapresidencialvenezuela.gob.ve\/index.php\/wp-json\/wp\/v2\/posts\/23211\/revisions\/23219"}],"wp:featuredmedia":[{"embeddable":true,"href":"https:\/\/prensapresidencialvenezuela.gob.ve\/index.php\/wp-json\/wp\/v2\/media\/23212"}],"wp:attachment":[{"href":"https:\/\/prensapresidencialvenezuela.gob.ve\/index.php\/wp-json\/wp\/v2\/media?parent=23211"}],"wp:term":[{"taxonomy":"category","embeddable":true,"href":"https:\/\/prensapresidencialvenezuela.gob.ve\/index.php\/wp-json\/wp\/v2\/categories?post=23211"},{"taxonomy":"post_tag","embeddable":true,"href":"https:\/\/prensapresidencialvenezuela.gob.ve\/index.php\/wp-json\/wp\/v2\/tags?post=23211"}],"curies":[{"name":"wp","href":"https:\/\/api.w.org\/{rel}","templated":true}]}}